{"id":88869,"date":"2018-01-05T19:40:23","date_gmt":"2018-01-05T21:40:23","guid":{"rendered":"http:\/\/diarioregionaljf.com.br\/2018\/01\/05\/homem-fica-preso-as-ferragens-apos-fusca-bater-em-mureta-no-filgueiras\/"},"modified":"2018-01-05T19:40:23","modified_gmt":"2018-01-05T21:40:23","slug":"homem-fica-preso-as-ferragens-apos-fusca-bater-em-mureta-no-filgueiras","status":"publish","type":"post","link":"https:\/\/diarioregionaldigital.com.br\/?p=88869","title":{"rendered":"Homem fica preso \u00e0s ferragens ap\u00f3s Fusca bater em mureta no Filgueiras"},"content":{"rendered":"<p>Um homem ficou preso \u00e0s ferragens de um Fusca ap\u00f3s o ve\u00edculo bater em uma mureta, em frente \u00e0 uma resid\u00eancia, na estrada entre os bairros Grama e Filgueiras, regi\u00e3o Nordeste de Juiz de Fora, na tarde desta sexta-feira, 5.<\/p>\n<p>Segundo o Corpo de Bombeiros, a v\u00edtima estava consciente e com suspeita de les\u00e3o no membro inferior direito. Ap\u00f3s ser socorrido, o homem foi conduzido ao hospital por uma equipe do Servi\u00e7o de Atendimento M\u00f3vel de Urg\u00eancia (SAMU).<\/p>\n<p>Ainda conforme informa\u00e7\u00f5es dos bombeiros, um outro homem tamb\u00e9m estava no ve\u00edculo. O estado de sa\u00fade dele n\u00e3o foi informado, mas o Corpo de Bombeiros confirma que n\u00e3o houve nenhum \u00f3bito.<\/p>\n","protected":false},"excerpt":{"rendered":"<p>Um homem ficou preso \u00e0s ferragens de um Fusca ap\u00f3s o ve\u00edculo bater em uma mureta, em frente \u00e0 uma resid\u00eancia, na estrada entre os bairros Grama e Filgueiras, regi\u00e3o Nordeste de Juiz de Fora, na tarde desta sexta-feira, 5. Segundo o Corpo de Bombeiros, a v\u00edtima estava consciente e com suspeita de les\u00e3o no [&hellip;]<\/p>\n","protected":false},"author":96,"featured_media":88868,"comment_status":"closed","ping_status":"closed","sticky":false,"template":"","format":"standard","meta":{"footnotes":""},"categories":[253],"tags":[],"class_list":["post-88869","post","type-post","status-publish","format-standard","has-post-thumbnail","hentry","category-cidade"],"_links":{"self":[{"href":"https:\/\/diarioregionaldigital.com.br\/index.php?rest_route=\/wp\/v2\/posts\/88869","targetHints":{"allow":["GET"]}}],"collection":[{"href":"https:\/\/diarioregionaldigital.com.br\/index.php?rest_route=\/wp\/v2\/posts"}],"about":[{"href":"https:\/\/diarioregionaldigital.com.br\/index.php?rest_route=\/wp\/v2\/types\/post"}],"author":[{"embeddable":true,"href":"https:\/\/diarioregionaldigital.com.br\/index.php?rest_route=\/wp\/v2\/users\/96"}],"replies":[{"embeddable":true,"href":"https:\/\/diarioregionaldigital.com.br\/index.php?rest_route=%2Fwp%2Fv2%2Fcomments&post=88869"}],"version-history":[{"count":0,"href":"https:\/\/diarioregionaldigital.com.br\/index.php?rest_route=\/wp\/v2\/posts\/88869\/revisions"}],"wp:featuredmedia":[{"embeddable":true,"href":"https:\/\/diarioregionaldigital.com.br\/index.php?rest_route=\/wp\/v2\/media\/88868"}],"wp:attachment":[{"href":"https:\/\/diarioregionaldigital.com.br\/index.php?rest_route=%2Fwp%2Fv2%2Fmedia&parent=88869"}],"wp:term":[{"taxonomy":"category","embeddable":true,"href":"https:\/\/diarioregionaldigital.com.br\/index.php?rest_route=%2Fwp%2Fv2%2Fcategories&post=88869"},{"taxonomy":"post_tag","embeddable":true,"href":"https:\/\/diarioregionaldigital.com.br\/index.php?rest_route=%2Fwp%2Fv2%2Ftags&post=88869"}],"curies":[{"name":"wp","href":"https:\/\/api.w.org\/{rel}","templated":true}]}}