{"id":88867,"date":"2018-01-05T18:59:44","date_gmt":"2018-01-05T20:59:44","guid":{"rendered":"http:\/\/diarioregionaljf.com.br\/2018\/01\/05\/funalfa-oferece-cem-vagas-gratuitas-em-colonia-de-ferias-na-praca-ceu\/"},"modified":"2018-01-05T18:59:44","modified_gmt":"2018-01-05T20:59:44","slug":"funalfa-oferece-cem-vagas-gratuitas-em-colonia-de-ferias-na-praca-ceu","status":"publish","type":"post","link":"https:\/\/diarioregionaldigital.com.br\/?p=88867","title":{"rendered":"Funalfa oferece cem vagas gratuitas em col\u00f4nia de f\u00e9rias na Pra\u00e7a CEU"},"content":{"rendered":"<p>A terceira edi\u00e7\u00e3o da Col\u00f4nia de F\u00e9rias do Centro de Artes e Esportes Unificados \u201cCoronel Adelmir Romualdo de Oliveira\u201d (Pra\u00e7a CEU) est\u00e1 oferecendo cem vagas gratuitas para crian\u00e7as, adolescentes e jovens, de 6 a 16 anos. As inscri\u00e7\u00f5es ser\u00e3o abertas na segunda-feira, 8, e devem ser feitas na secretaria do CEU (Avenida Juscelino Kubitschek, 5.899 &#8211; Benfica), de segunda a sexta-feira, das 7 \u00e0s 22 horas; aos s\u00e1bados, das 10 \u00e0s 20 horas; e aos domingos, das 10 \u00e0s 19 horas.<\/p>\n<p>O respons\u00e1vel pelo aluno deve estar presente no ato da matr\u00edcula, apresentar documento de identifica\u00e7\u00e3o e assinar o termo de autoriza\u00e7\u00e3o para os passeios externos e para atividades que envolvam \u00e1gua. A Col\u00f4nia de F\u00e9rias do CEU acontecer\u00e1 de 22 a 26 de janeiro, das 8 \u00e0s 11 horas.<\/p>\n<p>A programa\u00e7\u00e3o inclui competi\u00e7\u00f5es esportivas, como amistosos de futsal, basquete e queimada, al\u00e9m de aul\u00f5es de dan\u00e7a e momentos de recrea\u00e7\u00e3o com pintura e conta\u00e7\u00e3o de hist\u00f3rias. Os participantes tamb\u00e9m poder\u00e3o assistir a um espet\u00e1culo teatral, e haver\u00e1 sorteio de brindes e brinquedos, viabilizado por meio de uma parceria com o Shopping Jardim Norte.<\/p>\n<p>A Pra\u00e7a CEU foi implantada em Benfica a partir da parceria entre a Prefeitura de Juiz de Fora e o Governo federal. A gest\u00e3o do equipamento urbano \u00e9 compartilhada pela Funalfa e pela Organiza\u00e7\u00e3o Social Associa\u00e7\u00e3o Cultural Arte e Vida (Acav), com participa\u00e7\u00e3o direta da comunidade.<\/p>\n<hr \/>\n<p>&nbsp;Fonte: Assessoria\/PJF<\/p>\n","protected":false},"excerpt":{"rendered":"<p>A terceira edi\u00e7\u00e3o da Col\u00f4nia de F\u00e9rias do Centro de Artes e Esportes Unificados \u201cCoronel Adelmir Romualdo de Oliveira\u201d (Pra\u00e7a CEU) est\u00e1 oferecendo cem vagas gratuitas para crian\u00e7as, adolescentes e jovens, de 6 a 16 anos. As inscri\u00e7\u00f5es ser\u00e3o abertas na segunda-feira, 8, e devem ser feitas na secretaria do CEU (Avenida Juscelino Kubitschek, 5.899 [&hellip;]<\/p>\n","protected":false},"author":96,"featured_media":88866,"comment_status":"closed","ping_status":"closed","sticky":false,"template":"","format":"standard","meta":{"footnotes":""},"categories":[256],"tags":[],"class_list":["post-88867","post","type-post","status-publish","format-standard","has-post-thumbnail","hentry","category-cultura"],"_links":{"self":[{"href":"https:\/\/diarioregionaldigital.com.br\/index.php?rest_route=\/wp\/v2\/posts\/88867","targetHints":{"allow":["GET"]}}],"collection":[{"href":"https:\/\/diarioregionaldigital.com.br\/index.php?rest_route=\/wp\/v2\/posts"}],"about":[{"href":"https:\/\/diarioregionaldigital.com.br\/index.php?rest_route=\/wp\/v2\/types\/post"}],"author":[{"embeddable":true,"href":"https:\/\/diarioregionaldigital.com.br\/index.php?rest_route=\/wp\/v2\/users\/96"}],"replies":[{"embeddable":true,"href":"https:\/\/diarioregionaldigital.com.br\/index.php?rest_route=%2Fwp%2Fv2%2Fcomments&post=88867"}],"version-history":[{"count":0,"href":"https:\/\/diarioregionaldigital.com.br\/index.php?rest_route=\/wp\/v2\/posts\/88867\/revisions"}],"wp:featuredmedia":[{"embeddable":true,"href":"https:\/\/diarioregionaldigital.com.br\/index.php?rest_route=\/wp\/v2\/media\/88866"}],"wp:attachment":[{"href":"https:\/\/diarioregionaldigital.com.br\/index.php?rest_route=%2Fwp%2Fv2%2Fmedia&parent=88867"}],"wp:term":[{"taxonomy":"category","embeddable":true,"href":"https:\/\/diarioregionaldigital.com.br\/index.php?rest_route=%2Fwp%2Fv2%2Fcategories&post=88867"},{"taxonomy":"post_tag","embeddable":true,"href":"https:\/\/diarioregionaldigital.com.br\/index.php?rest_route=%2Fwp%2Fv2%2Ftags&post=88867"}],"curies":[{"name":"wp","href":"https:\/\/api.w.org\/{rel}","templated":true}]}}