{"id":88865,"date":"2018-01-05T18:55:43","date_gmt":"2018-01-05T20:55:43","guid":{"rendered":"http:\/\/diarioregionaljf.com.br\/2018\/01\/05\/morte-por-febre-amarela-em-brumadinho-e-confirmada\/"},"modified":"2018-01-05T18:55:43","modified_gmt":"2018-01-05T20:55:43","slug":"morte-por-febre-amarela-em-brumadinho-e-confirmada","status":"publish","type":"post","link":"https:\/\/diarioregionaldigital.com.br\/?p=88865","title":{"rendered":"Morte por febre amarela em Brumadinho \u00e9 confirmada"},"content":{"rendered":"<p>A morte de um homem no dia 31, em Brumadinho, na Regi\u00e3o Metropolitana de Belo Horizonte, foi causado pela Febre Amarela, segundo a Secret\u00e1ria de Estado de Sa\u00fade nesta sexta-feira, 5. De acordo com a secret\u00e1ria, o homem de 51 anos morava na zona rural da cidade, e come\u00e7ou a apresentar os sintomas no dia 25 de dezembro.<\/p>\n<p>O teste realizado pela Funda\u00e7\u00e3o Ezequiel Dias (Funed) confirmou a infec\u00e7\u00e3o pelo v\u00edrus causador da febre amarela, segundo a secretaria.&nbsp;Na cidade de Brumadinho, dois macacos foram encontrados mortos e foi submetidos a exames, mas resultado foi negativo para Febre Amarela.<\/p>\n<p>Um outro paciente, tamb\u00e9m de Brumadinho, internado no Esp\u00edrito Santo a pedido da fam\u00edlia, permanece sob a suspeita de febre amarela. O resultado dos exames realizados com as amostras de sangue do paciente ainda n\u00e3o foi divulgado pela Funed. A assessoria de imprensa da prefeitura informou que o paciente teve melhora no quadro cl\u00ednico.<\/p>\n<p>Uma reuni\u00e3o na tarde desta sexta-feira com representantes das secretarias de sa\u00fade municipal e estadual vai definir os pr\u00f3ximos passos no combate ao Aedes Aegypti, transmissor da doen\u00e7a.<\/p>\n<hr \/>\n<p>&nbsp;Fonte: Da reda\u00e7\u00e3o\/Colabora\u00e7\u00e3o Portal&nbsp;Por dentro de Minas<\/p>\n","protected":false},"excerpt":{"rendered":"<p>A morte de um homem no dia 31, em Brumadinho, na Regi\u00e3o Metropolitana de Belo Horizonte, foi causado pela Febre Amarela, segundo a Secret\u00e1ria de Estado de Sa\u00fade nesta sexta-feira, 5. De acordo com a secret\u00e1ria, o homem de 51 anos morava na zona rural da cidade, e come\u00e7ou a apresentar os sintomas no dia [&hellip;]<\/p>\n","protected":false},"author":96,"featured_media":88864,"comment_status":"closed","ping_status":"closed","sticky":false,"template":"","format":"standard","meta":{"footnotes":""},"categories":[252],"tags":[],"class_list":["post-88865","post","type-post","status-publish","format-standard","has-post-thumbnail","hentry","category-regiao"],"_links":{"self":[{"href":"https:\/\/diarioregionaldigital.com.br\/index.php?rest_route=\/wp\/v2\/posts\/88865","targetHints":{"allow":["GET"]}}],"collection":[{"href":"https:\/\/diarioregionaldigital.com.br\/index.php?rest_route=\/wp\/v2\/posts"}],"about":[{"href":"https:\/\/diarioregionaldigital.com.br\/index.php?rest_route=\/wp\/v2\/types\/post"}],"author":[{"embeddable":true,"href":"https:\/\/diarioregionaldigital.com.br\/index.php?rest_route=\/wp\/v2\/users\/96"}],"replies":[{"embeddable":true,"href":"https:\/\/diarioregionaldigital.com.br\/index.php?rest_route=%2Fwp%2Fv2%2Fcomments&post=88865"}],"version-history":[{"count":0,"href":"https:\/\/diarioregionaldigital.com.br\/index.php?rest_route=\/wp\/v2\/posts\/88865\/revisions"}],"wp:featuredmedia":[{"embeddable":true,"href":"https:\/\/diarioregionaldigital.com.br\/index.php?rest_route=\/wp\/v2\/media\/88864"}],"wp:attachment":[{"href":"https:\/\/diarioregionaldigital.com.br\/index.php?rest_route=%2Fwp%2Fv2%2Fmedia&parent=88865"}],"wp:term":[{"taxonomy":"category","embeddable":true,"href":"https:\/\/diarioregionaldigital.com.br\/index.php?rest_route=%2Fwp%2Fv2%2Fcategories&post=88865"},{"taxonomy":"post_tag","embeddable":true,"href":"https:\/\/diarioregionaldigital.com.br\/index.php?rest_route=%2Fwp%2Fv2%2Ftags&post=88865"}],"curies":[{"name":"wp","href":"https:\/\/api.w.org\/{rel}","templated":true}]}}