{"id":88863,"date":"2018-01-05T18:43:36","date_gmt":"2018-01-05T20:43:36","guid":{"rendered":"http:\/\/diarioregionaljf.com.br\/2018\/01\/05\/pcmg-prende-suspeito-de-ser-integrante-de-quadrilha-especializada-em-roubo-de-carga-de-cigarros\/"},"modified":"2018-01-05T18:43:36","modified_gmt":"2018-01-05T20:43:36","slug":"pcmg-prende-suspeito-de-ser-integrante-de-quadrilha-especializada-em-roubo-de-carga-de-cigarros","status":"publish","type":"post","link":"https:\/\/diarioregionaldigital.com.br\/?p=88863","title":{"rendered":"PCMG prende suspeito de ser integrante de quadrilha especializada em roubo de carga de cigarros"},"content":{"rendered":"<p>Na \u00faltima quinta-feira, 4, a Pol\u00edcia Civil de Minas Gerais efetuou a pris\u00e3o de um jovem de 24 anos, iniciando a desarticula\u00e7\u00e3o de uma quadrilha especializada em roubo de carga de cigarros. Policiais civis da 27\u00aa Delegacia de Pol\u00edcia de Cataguases, com o apoio do Departamento Estadual de Opera\u00e7\u00f5es Especiais (Deoesp), deflagraram a a\u00e7\u00e3o nos munic\u00edpios de Betim, Sete Lagoas e Ibirit\u00e9.<\/p>\n<p>O autor e seus comparsas seriam respons\u00e1veis pelo roubo \u00e0 m\u00e3o armada ocorrido em Cataguases, no dia 28 de setembro de 2017. Na ocasi\u00e3o, dois funcion\u00e1rios da Souza Cruz que transportavam cigarros foram rendidos pela quadrilha que, mediante grave amea\u00e7a e emprego de arma de fogo, subtraiu a carga avaliada em mais de R$160 mil.<\/p>\n<p>Outro investigado, de 24 anos, encontra-se com mandado de pris\u00e3o em aberto, mas est\u00e1 foragido da Justi\u00e7a. Conforme informa\u00e7\u00f5es do Delegado Diego Mattos de Vilhena, a quadrilha \u00e9 suspeita de ser a respons\u00e1vel por diversos assaltos a cargas ocorridos em outros munic\u00edpios do Estado. As investiga\u00e7\u00f5es continuam em andamento. Outros indiv\u00edduos j\u00e1 foram identificados e ter\u00e3o suas pris\u00f5es solicitadas junto ao Poder Judici\u00e1rio.<\/p>\n<hr \/>\n<p>&nbsp;Fonte: Assessoria PCMG<\/p>\n","protected":false},"excerpt":{"rendered":"<p>Na \u00faltima quinta-feira, 4, a Pol\u00edcia Civil de Minas Gerais efetuou a pris\u00e3o de um jovem de 24 anos, iniciando a desarticula\u00e7\u00e3o de uma quadrilha especializada em roubo de carga de cigarros. Policiais civis da 27\u00aa Delegacia de Pol\u00edcia de Cataguases, com o apoio do Departamento Estadual de Opera\u00e7\u00f5es Especiais (Deoesp), deflagraram a a\u00e7\u00e3o nos [&hellip;]<\/p>\n","protected":false},"author":96,"featured_media":88862,"comment_status":"closed","ping_status":"closed","sticky":false,"template":"","format":"standard","meta":{"footnotes":""},"categories":[252],"tags":[],"class_list":["post-88863","post","type-post","status-publish","format-standard","has-post-thumbnail","hentry","category-regiao"],"_links":{"self":[{"href":"https:\/\/diarioregionaldigital.com.br\/index.php?rest_route=\/wp\/v2\/posts\/88863","targetHints":{"allow":["GET"]}}],"collection":[{"href":"https:\/\/diarioregionaldigital.com.br\/index.php?rest_route=\/wp\/v2\/posts"}],"about":[{"href":"https:\/\/diarioregionaldigital.com.br\/index.php?rest_route=\/wp\/v2\/types\/post"}],"author":[{"embeddable":true,"href":"https:\/\/diarioregionaldigital.com.br\/index.php?rest_route=\/wp\/v2\/users\/96"}],"replies":[{"embeddable":true,"href":"https:\/\/diarioregionaldigital.com.br\/index.php?rest_route=%2Fwp%2Fv2%2Fcomments&post=88863"}],"version-history":[{"count":0,"href":"https:\/\/diarioregionaldigital.com.br\/index.php?rest_route=\/wp\/v2\/posts\/88863\/revisions"}],"wp:featuredmedia":[{"embeddable":true,"href":"https:\/\/diarioregionaldigital.com.br\/index.php?rest_route=\/wp\/v2\/media\/88862"}],"wp:attachment":[{"href":"https:\/\/diarioregionaldigital.com.br\/index.php?rest_route=%2Fwp%2Fv2%2Fmedia&parent=88863"}],"wp:term":[{"taxonomy":"category","embeddable":true,"href":"https:\/\/diarioregionaldigital.com.br\/index.php?rest_route=%2Fwp%2Fv2%2Fcategories&post=88863"},{"taxonomy":"post_tag","embeddable":true,"href":"https:\/\/diarioregionaldigital.com.br\/index.php?rest_route=%2Fwp%2Fv2%2Ftags&post=88863"}],"curies":[{"name":"wp","href":"https:\/\/api.w.org\/{rel}","templated":true}]}}