{"id":88861,"date":"2018-01-05T18:41:19","date_gmt":"2018-01-05T20:41:19","guid":{"rendered":"http:\/\/diarioregionaljf.com.br\/2018\/01\/05\/percentual-de-familias-endividadas-sobe-de-59-para-62-2\/"},"modified":"2018-01-05T18:41:19","modified_gmt":"2018-01-05T20:41:19","slug":"percentual-de-familias-endividadas-sobe-de-59-para-62-2","status":"publish","type":"post","link":"https:\/\/diarioregionaldigital.com.br\/?p=88861","title":{"rendered":"Percentual de fam\u00edlias endividadas sobe de 59% para 62,2%"},"content":{"rendered":"<p>O percentual de fam\u00edlias brasileiras com d\u00edvidas fechou 2017 em 62,2%, acima dos 59% de 2016. Os dados, registrados em dezembro, s\u00e3o da Pesquisa de Endividamento e Inadimpl\u00eancia do Consumidor (Peic), realizada pela Confedera\u00e7\u00e3o Nacional do Com\u00e9rcio de Bens, Servi\u00e7os e Turismo (CNC) e divulgada hoje, 5, no Rio de Janeiro.<\/p>\n<p>As fam\u00edlias inadimplentes, isto \u00e9, com d\u00edvidas ou contas em atraso, ficaram em 25,7% em dezembro, acima dos 24% de dezembro de 2016. J\u00e1 o percentual de fam\u00edlias que declararam n\u00e3o ter condi\u00e7\u00f5es de pagar as suas contas ou d\u00edvidas em atraso ficou em 9,7%, acima dos 9,1% de dezembro de 2016.<\/p>\n<p>A propor\u00e7\u00e3o de fam\u00edlias que disseram estar muito endividadas ficou em 14,6%, mesmo resultado de dezembro de 2016. O tempo m\u00e9dio de atraso para o pagamento de d\u00edvidas foi de 64,3 dias em dezembro de 2017, superior aos 63,8 dias do mesmo per\u00edodo do ano anterior.<\/p>\n<p>Para 76,7% das fam\u00edlias que possuem d\u00edvidas, o cart\u00e3o de cr\u00e9dito permanece como a principal forma de endividamento, seguido de carn\u00eas (17,5%) e financiamento de carro (10,9%).<\/p>\n<p><strong>Compara\u00e7\u00e3o com novembro<\/strong><\/p>\n<p>O percentual de fam\u00edlias endividadas em dezembro (62,2%) manteve-se est\u00e1vel em rela\u00e7\u00e3o a novembro, depois de cinco altas mensais consecutivas.&nbsp;Os inadimplentes passaram de 25,8% em novembro para 25,7% em dezembro. J\u00e1 as fam\u00edlias sem condi\u00e7\u00f5es de pagar as d\u00edvidas em atraso ca\u00edram de 10,1% em novembro para 9,7% em dezembro.<\/p>\n<hr \/>\n<p>&nbsp;Fonte: Ag\u00eancia Brasil<\/p>\n","protected":false},"excerpt":{"rendered":"<p>O percentual de fam\u00edlias brasileiras com d\u00edvidas fechou 2017 em 62,2%, acima dos 59% de 2016. Os dados, registrados em dezembro, s\u00e3o da Pesquisa de Endividamento e Inadimpl\u00eancia do Consumidor (Peic), realizada pela Confedera\u00e7\u00e3o Nacional do Com\u00e9rcio de Bens, Servi\u00e7os e Turismo (CNC) e divulgada hoje, 5, no Rio de Janeiro. As fam\u00edlias inadimplentes, isto [&hellip;]<\/p>\n","protected":false},"author":96,"featured_media":88860,"comment_status":"closed","ping_status":"closed","sticky":false,"template":"","format":"standard","meta":{"footnotes":""},"categories":[261],"tags":[],"class_list":["post-88861","post","type-post","status-publish","format-standard","has-post-thumbnail","hentry","category-economia"],"_links":{"self":[{"href":"https:\/\/diarioregionaldigital.com.br\/index.php?rest_route=\/wp\/v2\/posts\/88861","targetHints":{"allow":["GET"]}}],"collection":[{"href":"https:\/\/diarioregionaldigital.com.br\/index.php?rest_route=\/wp\/v2\/posts"}],"about":[{"href":"https:\/\/diarioregionaldigital.com.br\/index.php?rest_route=\/wp\/v2\/types\/post"}],"author":[{"embeddable":true,"href":"https:\/\/diarioregionaldigital.com.br\/index.php?rest_route=\/wp\/v2\/users\/96"}],"replies":[{"embeddable":true,"href":"https:\/\/diarioregionaldigital.com.br\/index.php?rest_route=%2Fwp%2Fv2%2Fcomments&post=88861"}],"version-history":[{"count":0,"href":"https:\/\/diarioregionaldigital.com.br\/index.php?rest_route=\/wp\/v2\/posts\/88861\/revisions"}],"wp:featuredmedia":[{"embeddable":true,"href":"https:\/\/diarioregionaldigital.com.br\/index.php?rest_route=\/wp\/v2\/media\/88860"}],"wp:attachment":[{"href":"https:\/\/diarioregionaldigital.com.br\/index.php?rest_route=%2Fwp%2Fv2%2Fmedia&parent=88861"}],"wp:term":[{"taxonomy":"category","embeddable":true,"href":"https:\/\/diarioregionaldigital.com.br\/index.php?rest_route=%2Fwp%2Fv2%2Fcategories&post=88861"},{"taxonomy":"post_tag","embeddable":true,"href":"https:\/\/diarioregionaldigital.com.br\/index.php?rest_route=%2Fwp%2Fv2%2Ftags&post=88861"}],"curies":[{"name":"wp","href":"https:\/\/api.w.org\/{rel}","templated":true}]}}