{"id":88859,"date":"2018-01-05T18:39:01","date_gmt":"2018-01-05T20:39:01","guid":{"rendered":"http:\/\/diarioregionaljf.com.br\/2018\/01\/05\/pesquisa-aponta-que-populacao-do-interior-e-a-mais-satisfeita-com-a-vida\/"},"modified":"2018-01-05T18:39:01","modified_gmt":"2018-01-05T20:39:01","slug":"pesquisa-aponta-que-populacao-do-interior-e-a-mais-satisfeita-com-a-vida","status":"publish","type":"post","link":"https:\/\/diarioregionaldigital.com.br\/?p=88859","title":{"rendered":"Pesquisa aponta que popula\u00e7\u00e3o do interior \u00e9 a mais satisfeita com a vida"},"content":{"rendered":"<p>O \u00cdndice de Satisfa\u00e7\u00e3o com a Vida, da Confedera\u00e7\u00e3o Nacional da Ind\u00fastria (CNI), constatou que a popula\u00e7\u00e3o mais satisfeita com a vida reside nos munic\u00edpios do interior do pa\u00eds. Foi l\u00e1 onde se atingiu maior pontua\u00e7\u00e3o, 66,9 pontos, de uma escala de 0 a 100. Os menos satisfeitos s\u00e3o os que vivem nas periferias, 62 pontos. A pontua\u00e7\u00e3o obtida por residentes nas capitais ficou em 64,7 pontos.<\/p>\n<p>Tamb\u00e9m \u00e9 no interior onde se tem menos medo de perder o emprego, segundo o \u00cdndice de Medo do Desemprego. L\u00e1 o \u00edndice registrado ficou em 64,5 pontos, enquanto nas capitais e periferias esse \u00edndice ficou em 67,5 pontos.<\/p>\n<p>O brasileiro estava com menos medo de perder o emprego em dezembro do que em setembro de 2017. No entanto, segundo o \u00cdndice de Medo do Desemprego e o \u00cdndice de Satisfa\u00e7\u00e3o com a Vida, divulgados nesta sexta-feira (5) pela CNI, o brasileiro est\u00e1 mais preocupado com essa possibilidade, se comparado a dezembro de 2016.<\/p>\n<p>De acordo com o levantamento, o \u00edndice relativo a medo de desemprego estava em 65,7 pontos em dezembro de 2017. O valor representa uma queda de 2 pontos em rela\u00e7\u00e3o a setembro do mesmo ano. Na compara\u00e7\u00e3o com dezembro de 2016, no entanto, o \u00edndice representa uma alta de 0,9 ponto \u2013 o que significa que o medo do desemprego aumentou.<\/p>\n<p>De acordo com a CNI, o valor est\u00e1 \u201cmuito acima da m\u00e9dia hist\u00f3rica\u201d, que \u00e9 de 48,8 pontos, e que a alta de 0,9 ponto indica \u201cpersist\u00eancia da inseguran\u00e7a em rela\u00e7\u00e3o \u00e0 recupera\u00e7\u00e3o do mercado de trabalho&#8221;. A economista da CNI Maria Carolina Marques justifica essa alta explicando que o emprego reage \u201cde forma defasada\u201d \u00e0 recupera\u00e7\u00e3o da economia, e que as empresas contratam somente quando t\u00eam seguran\u00e7a de que o crescimento ser\u00e1 sustentado.<\/p>\n<p>&#8220;A popula\u00e7\u00e3o percebe essa demora na rea\u00e7\u00e3o do mercado de trabalho e o medo do desemprego continua elevado. \u00c0 medida que o crescimento econ\u00f4mico se mostrar sustentado, o resultado no emprego deve aparecer com maior intensidade e o medo do desemprego deve ceder&#8221;, disse a economista.<\/p>\n<p>A pesquisa da CNI apontou tamb\u00e9m que a satisfa\u00e7\u00e3o do brasileiro com a vida diminuiu entre setembro e dezembro do ano passado, atingindo 65,6 pontos em dezembro. O valor \u00e9 0,4 ponto menor do que o registrado em setembro e 1,2 ponto abaixo do registrado em dezembro de 2016. O \u00cdndice de Satisfa\u00e7\u00e3o com a Vida \u00e9 tamb\u00e9m inferior \u00e0 m\u00e9dia hist\u00f3rica, de 69,9 pontos.<\/p>\n<p>O levantamento da CNI, realizado a cada tr\u00eas meses, foi feito entre 7 e 10 de dezembro de 2017, com 2 mil pessoas, em 127 munic\u00edpios.<\/p>\n<hr \/>\n<p>&nbsp;Fonte: Ag\u00eancia Brasil<\/p>\n","protected":false},"excerpt":{"rendered":"<p>O \u00cdndice de Satisfa\u00e7\u00e3o com a Vida, da Confedera\u00e7\u00e3o Nacional da Ind\u00fastria (CNI), constatou que a popula\u00e7\u00e3o mais satisfeita com a vida reside nos munic\u00edpios do interior do pa\u00eds. Foi l\u00e1 onde se atingiu maior pontua\u00e7\u00e3o, 66,9 pontos, de uma escala de 0 a 100. Os menos satisfeitos s\u00e3o os que vivem nas periferias, 62 [&hellip;]<\/p>\n","protected":false},"author":96,"featured_media":88858,"comment_status":"closed","ping_status":"closed","sticky":false,"template":"","format":"standard","meta":{"footnotes":""},"categories":[261],"tags":[],"class_list":["post-88859","post","type-post","status-publish","format-standard","has-post-thumbnail","hentry","category-economia"],"_links":{"self":[{"href":"https:\/\/diarioregionaldigital.com.br\/index.php?rest_route=\/wp\/v2\/posts\/88859","targetHints":{"allow":["GET"]}}],"collection":[{"href":"https:\/\/diarioregionaldigital.com.br\/index.php?rest_route=\/wp\/v2\/posts"}],"about":[{"href":"https:\/\/diarioregionaldigital.com.br\/index.php?rest_route=\/wp\/v2\/types\/post"}],"author":[{"embeddable":true,"href":"https:\/\/diarioregionaldigital.com.br\/index.php?rest_route=\/wp\/v2\/users\/96"}],"replies":[{"embeddable":true,"href":"https:\/\/diarioregionaldigital.com.br\/index.php?rest_route=%2Fwp%2Fv2%2Fcomments&post=88859"}],"version-history":[{"count":0,"href":"https:\/\/diarioregionaldigital.com.br\/index.php?rest_route=\/wp\/v2\/posts\/88859\/revisions"}],"wp:featuredmedia":[{"embeddable":true,"href":"https:\/\/diarioregionaldigital.com.br\/index.php?rest_route=\/wp\/v2\/media\/88858"}],"wp:attachment":[{"href":"https:\/\/diarioregionaldigital.com.br\/index.php?rest_route=%2Fwp%2Fv2%2Fmedia&parent=88859"}],"wp:term":[{"taxonomy":"category","embeddable":true,"href":"https:\/\/diarioregionaldigital.com.br\/index.php?rest_route=%2Fwp%2Fv2%2Fcategories&post=88859"},{"taxonomy":"post_tag","embeddable":true,"href":"https:\/\/diarioregionaldigital.com.br\/index.php?rest_route=%2Fwp%2Fv2%2Ftags&post=88859"}],"curies":[{"name":"wp","href":"https:\/\/api.w.org\/{rel}","templated":true}]}}