{"id":88857,"date":"2018-01-05T18:32:26","date_gmt":"2018-01-05T20:32:26","guid":{"rendered":"http:\/\/diarioregionaljf.com.br\/2018\/01\/05\/anfavea-estima-aumento-de-13-2-na-producao-de-veiculos-este-ano\/"},"modified":"2018-01-05T18:32:26","modified_gmt":"2018-01-05T20:32:26","slug":"anfavea-estima-aumento-de-13-2-na-producao-de-veiculos-este-ano","status":"publish","type":"post","link":"https:\/\/diarioregionaldigital.com.br\/?p=88857","title":{"rendered":"Anfavea estima aumento de 13,2% na produ\u00e7\u00e3o de ve\u00edculos este ano"},"content":{"rendered":"<p>A Associa\u00e7\u00e3o Nacional dos Fabricantes de Ve\u00edculos Automotores (Anfavea) estimou crescimento de 13,2% na produ\u00e7\u00e3o de ve\u00edculos em 2018, com a produ\u00e7\u00e3o de 3,5 milh\u00f5es de unidades no ano. Para os emplacamentos, a proje\u00e7\u00e3o \u00e9 de crescimento de 11,7%, e para as exporta\u00e7\u00f5es, 5%.<\/p>\n<p>Segundo balan\u00e7o divulgado hoje, 5, a produ\u00e7\u00e3o de ve\u00edculos cresceu 25,2% no pa\u00eds em 2017 em compara\u00e7\u00e3o com 2016. Foram produzidos 2,699 milh\u00f5es de ve\u00edculos. \u201c\u00c9 um n\u00famero melhor que 2016 e melhor que 2015, mas ainda com um milh\u00e3o de unidades a menos do melhor ano que foi 2013 [quando se produziram 3,713 milh\u00f5es de unidades]. Mas \u00e9 positivo que a gente volte a produzir. A capacidade ociosa do setor ainda \u00e9 elevada\u201d, disse Antonio Carlos Botelho Megale, presidente da Anfavea.<\/p>\n<p>\u201cO setor vem, desde 2012, apresentando queda. Em 2016, ele come\u00e7ou a apresentar um primeiro crescimento de produ\u00e7\u00e3o, devido ao aumento nas exporta\u00e7\u00f5es, e no ano passado esse crescimento foi substancial porque, al\u00e9m de aumentarmos muito as exporta\u00e7\u00f5es, aumentamos o mercado interno. Por isso \u00e9 que veio um crescimento mais robusto&#8221;, afirmou Megale.<\/p>\n<p>No entanto, quando se considera apenas o m\u00eas de dezembro, a produ\u00e7\u00e3o teve queda de 14,2% em rela\u00e7\u00e3o a novembro, o que, segundo o presidente da Anfavea, \u00e9 algo natural e j\u00e1 esperado por causa do per\u00edodo de f\u00e9rias coletivas.<\/p>\n<p>As exporta\u00e7\u00f5es que bateram o recorde hist\u00f3rico em 2017. Mais de 762.033 ve\u00edculos foram exportados no ano passado, aumento de 46,5% em rela\u00e7\u00e3o a 2016. \u201cNunca exportamos tanto\u201d, disse o presidente da Anfavea, acrescentando que at\u00e9 ent\u00e3o, o melhor ano havia sido em 2005, com a exporta\u00e7\u00e3o de cerca de 725 mil ve\u00edculos.<\/p>\n<p>Isso se deve, segundo ele, ao c\u00e2mbio favor\u00e1vel, aos acordos comerciais feitos pelo governo federal e aos avan\u00e7os nas vendas de ve\u00edculos brasileiros para o Uruguai, a Argentina e o Chile. O recente acordo fechado com a Col\u00f4mbia aumenta o otimismo para este ano.<\/p>\n<p><strong>Licenciamentos e empregos<\/strong><\/p>\n<p>Entre janeiro e dezembro de 2017, 1,995 milh\u00f5es de ve\u00edculos [incluindo ve\u00edculos leves, caminh\u00f5es e \u00f4nibus] foram licenciados no pa\u00eds, aumento de 12,3% em compara\u00e7\u00e3o a 2016. Em dezembro foram emplacados 186.858 ve\u00edculos, crescimento de 2,3% em rela\u00e7\u00e3o a novembro e de 4,5% em compara\u00e7\u00e3o a dezembro do ano passado.<\/p>\n<p>O setor apresentou crescimento no n\u00famero de empregos, que passou de 121.178 em 2016 para 126.696 no ano passado, aumento de 4,6%. \u201cFoi o primeiro fechamento do ano em que tivemos crescimento nos \u00faltimos anos\u201d, disse o presidente da Anfavea. O melhor ano foi 2013, com 157 mil empregos.<\/p>\n<p>Megale destacou que as montadoras trouxeram de volta trabalhadores que estavam afastados por lay-off (suspens\u00e3o tempor\u00e1ria de contrato) ou pelo Programa Seguro Emprego (PSE), que permite a redu\u00e7\u00e3o de jornada e de sal\u00e1rios. De acordo com ele, no final de dezembro havia 1.885 funcion\u00e1rios nesse tipo de situa\u00e7\u00e3o, sendo 949 em lay-off e 936 em PSE. Em mar\u00e7o de 2016, quando houve o auge desses programas, 38 mil pessoas estavam com restri\u00e7\u00e3o de jornada. J\u00e1 no final de dezembro de 2016 o n\u00famero era de 9 mil.<\/p>\n<hr \/>\n<p>&nbsp;Fonte: Ag\u00eancia Brasil<\/p>\n","protected":false},"excerpt":{"rendered":"<p>A Associa\u00e7\u00e3o Nacional dos Fabricantes de Ve\u00edculos Automotores (Anfavea) estimou crescimento de 13,2% na produ\u00e7\u00e3o de ve\u00edculos em 2018, com a produ\u00e7\u00e3o de 3,5 milh\u00f5es de unidades no ano. Para os emplacamentos, a proje\u00e7\u00e3o \u00e9 de crescimento de 11,7%, e para as exporta\u00e7\u00f5es, 5%. Segundo balan\u00e7o divulgado hoje, 5, a produ\u00e7\u00e3o de ve\u00edculos cresceu 25,2% [&hellip;]<\/p>\n","protected":false},"author":96,"featured_media":88856,"comment_status":"closed","ping_status":"closed","sticky":false,"template":"","format":"standard","meta":{"footnotes":""},"categories":[261],"tags":[],"class_list":["post-88857","post","type-post","status-publish","format-standard","has-post-thumbnail","hentry","category-economia"],"_links":{"self":[{"href":"https:\/\/diarioregionaldigital.com.br\/index.php?rest_route=\/wp\/v2\/posts\/88857","targetHints":{"allow":["GET"]}}],"collection":[{"href":"https:\/\/diarioregionaldigital.com.br\/index.php?rest_route=\/wp\/v2\/posts"}],"about":[{"href":"https:\/\/diarioregionaldigital.com.br\/index.php?rest_route=\/wp\/v2\/types\/post"}],"author":[{"embeddable":true,"href":"https:\/\/diarioregionaldigital.com.br\/index.php?rest_route=\/wp\/v2\/users\/96"}],"replies":[{"embeddable":true,"href":"https:\/\/diarioregionaldigital.com.br\/index.php?rest_route=%2Fwp%2Fv2%2Fcomments&post=88857"}],"version-history":[{"count":0,"href":"https:\/\/diarioregionaldigital.com.br\/index.php?rest_route=\/wp\/v2\/posts\/88857\/revisions"}],"wp:featuredmedia":[{"embeddable":true,"href":"https:\/\/diarioregionaldigital.com.br\/index.php?rest_route=\/wp\/v2\/media\/88856"}],"wp:attachment":[{"href":"https:\/\/diarioregionaldigital.com.br\/index.php?rest_route=%2Fwp%2Fv2%2Fmedia&parent=88857"}],"wp:term":[{"taxonomy":"category","embeddable":true,"href":"https:\/\/diarioregionaldigital.com.br\/index.php?rest_route=%2Fwp%2Fv2%2Fcategories&post=88857"},{"taxonomy":"post_tag","embeddable":true,"href":"https:\/\/diarioregionaldigital.com.br\/index.php?rest_route=%2Fwp%2Fv2%2Ftags&post=88857"}],"curies":[{"name":"wp","href":"https:\/\/api.w.org\/{rel}","templated":true}]}}