{"id":88848,"date":"2018-01-05T18:11:11","date_gmt":"2018-01-05T20:11:11","guid":{"rendered":"http:\/\/diarioregionaljf.com.br\/2018\/01\/05\/tribuna-livre-e-ocupada-pela-associacao-uniao-nacional-de-agentes-de-liderancas-comunitarias-e-sociais\/"},"modified":"2018-01-05T18:11:11","modified_gmt":"2018-01-05T20:11:11","slug":"tribuna-livre-e-ocupada-pela-associacao-uniao-nacional-de-agentes-de-liderancas-comunitarias-e-sociais","status":"publish","type":"post","link":"https:\/\/diarioregionaldigital.com.br\/?p=88848","title":{"rendered":"Tribuna Livre \u00e9 ocupada pela Associa\u00e7\u00e3o Uni\u00e3o Nacional de Agentes de Lideran\u00e7as Comunit\u00e1rias e Sociais"},"content":{"rendered":"<p>A Tribuna Livre Vereador Natanael El\u00f3i do Amaral foi ocupada nesta quinta-feira, 4, pela Associa\u00e7\u00e3o Uni\u00e3o Nacional de Agentes de Lideran\u00e7as Comunit\u00e1rias e Sociais \u2013 (UNALCS). Os oradores pronunciaram a respeito do Projeto de Lei complementar 3\/2017 de autoria do vereador Z\u00e9 M\u00e1rcio (PV) que \u201cestabelece hor\u00e1rio diferenciado de fechamento de bares, barzinhos botequins, cervejarias e atividades similares reincidentes em infra\u00e7\u00f5es de posturas\u201d.<\/p>\n<p>Jonathan Maycon, representante da Unalcs, chamou a aten\u00e7\u00e3o para o hor\u00e1rio em que foi realizada a audi\u00eancia p\u00fablica. De acordo com Jonathan, a popula\u00e7\u00e3o n\u00e3o pode participar efetivamente, devido ao hor\u00e1rio em que a mesma aconteceu, pois a maioria dos cidad\u00e3os estavam comprometidos com trabalho e estudo. \u201cEstamos solicitando que uma nova audi\u00eancia seja marcada, mas com um hor\u00e1rio flex\u00edvel para que as comunidades interessadas possam participar de fato\u201d.<\/p>\n<p>J\u00e1 outro representante da Unalcs &#8211; Tiago Ant\u00f4nio Ribeiro &#8211; afirmou que as reclama\u00e7\u00f5es e os abusos dos estabelecimentos comerciais s\u00e3o v\u00e1rios como som alto, flanelinhas, estacionamento em local proibido, mesas e cadeiras tomando as cal\u00e7adas, brigas, tiroteios, roubos, assaltos, tr\u00e1fico e uso de drogas, vandalismos. \u201cPreciso deixar claro que o problema n\u00e3o \u00e9 o estabelecimento em si, n\u00e3o \u00e9 a atividade econ\u00f4mica desenvolvida e, sim, os abusos e o desrespeito que acontecem nos locais\u201d.<\/p>\n<p>O vereador Z\u00e9 M\u00e1rcio tamb\u00e9m utilizou da palavra para esclarecer o PL. De acordo com o proponente da mat\u00e9ria, o projeto de lei n\u00e3o estabelece hor\u00e1rio de fechamento de bares e similares, e sim uma redu\u00e7\u00e3o tempor\u00e1ria no hor\u00e1rio de funcionamento para estabelecimentos infratores. Em caso do estabelecimento cometer duas infra\u00e7\u00f5es, como emiss\u00e3o de ru\u00eddos, coloca\u00e7\u00e3o de mesas e cadeiras em via p\u00fablica, sujeira no entorno do estabelecimento, o local passa a ter o hor\u00e1rio de fechamento \u00e0s 22h.<\/p>\n<p>\u201cEsta \u00e9 uma forma de garantir o sossego e descanso dos moradores do entorno destes estabelecimentos\u201d, disse. Z\u00e9 Marcio lembrou tamb\u00e9m que a maioria destes com\u00e9rcios est\u00e3o fixados em bairros residenciais, sendo tamb\u00e9m uma quest\u00e3o de seguran\u00e7a p\u00fablica. \u201c\u00c9 necess\u00e1rio o nosso projeto de lei para que a Secretaria de Atividades Urbanas n\u00e3o tenha apenas que multar o estabelecimento e sim tomar outras provid\u00eancias cab\u00edveis\u201d, concluiu.<\/p>\n<hr \/>\n<p>&nbsp;Fonte: Assessoria\/CMJF<\/p>\n","protected":false},"excerpt":{"rendered":"<p>A Tribuna Livre Vereador Natanael El\u00f3i do Amaral foi ocupada nesta quinta-feira, 4, pela Associa\u00e7\u00e3o Uni\u00e3o Nacional de Agentes de Lideran\u00e7as Comunit\u00e1rias e Sociais \u2013 (UNALCS). Os oradores pronunciaram a respeito do Projeto de Lei complementar 3\/2017 de autoria do vereador Z\u00e9 M\u00e1rcio (PV) que \u201cestabelece hor\u00e1rio diferenciado de fechamento de bares, barzinhos botequins, cervejarias [&hellip;]<\/p>\n","protected":false},"author":96,"featured_media":88847,"comment_status":"closed","ping_status":"closed","sticky":false,"template":"","format":"standard","meta":{"footnotes":""},"categories":[254],"tags":[],"class_list":["post-88848","post","type-post","status-publish","format-standard","has-post-thumbnail","hentry","category-politica"],"_links":{"self":[{"href":"https:\/\/diarioregionaldigital.com.br\/index.php?rest_route=\/wp\/v2\/posts\/88848","targetHints":{"allow":["GET"]}}],"collection":[{"href":"https:\/\/diarioregionaldigital.com.br\/index.php?rest_route=\/wp\/v2\/posts"}],"about":[{"href":"https:\/\/diarioregionaldigital.com.br\/index.php?rest_route=\/wp\/v2\/types\/post"}],"author":[{"embeddable":true,"href":"https:\/\/diarioregionaldigital.com.br\/index.php?rest_route=\/wp\/v2\/users\/96"}],"replies":[{"embeddable":true,"href":"https:\/\/diarioregionaldigital.com.br\/index.php?rest_route=%2Fwp%2Fv2%2Fcomments&post=88848"}],"version-history":[{"count":0,"href":"https:\/\/diarioregionaldigital.com.br\/index.php?rest_route=\/wp\/v2\/posts\/88848\/revisions"}],"wp:featuredmedia":[{"embeddable":true,"href":"https:\/\/diarioregionaldigital.com.br\/index.php?rest_route=\/wp\/v2\/media\/88847"}],"wp:attachment":[{"href":"https:\/\/diarioregionaldigital.com.br\/index.php?rest_route=%2Fwp%2Fv2%2Fmedia&parent=88848"}],"wp:term":[{"taxonomy":"category","embeddable":true,"href":"https:\/\/diarioregionaldigital.com.br\/index.php?rest_route=%2Fwp%2Fv2%2Fcategories&post=88848"},{"taxonomy":"post_tag","embeddable":true,"href":"https:\/\/diarioregionaldigital.com.br\/index.php?rest_route=%2Fwp%2Fv2%2Ftags&post=88848"}],"curies":[{"name":"wp","href":"https:\/\/api.w.org\/{rel}","templated":true}]}}