{"id":88846,"date":"2018-01-05T17:54:29","date_gmt":"2018-01-05T19:54:29","guid":{"rendered":"http:\/\/diarioregionaljf.com.br\/2018\/01\/05\/empav-realiza-tapa-buracos-em-cinco-bairros-nessa-sexta-feira\/"},"modified":"2018-01-05T17:54:29","modified_gmt":"2018-01-05T19:54:29","slug":"empav-realiza-tapa-buracos-em-cinco-bairros-nessa-sexta-feira","status":"publish","type":"post","link":"https:\/\/diarioregionaldigital.com.br\/?p=88846","title":{"rendered":"Empav realiza tapa-buracos em cinco bairros nessa sexta-feira"},"content":{"rendered":"<p>A Empresa Municipal de Pavimenta\u00e7\u00e3o e Urbaniza\u00e7\u00e3o (Empav) realiza opera\u00e7\u00e3o tapa-buracos nesta sexta-feira, 5, nos bairros S\u00e3o Geraldo e Santa Cec\u00edlia, regi\u00e3o sul; Santa Paula, regi\u00e3o leste; Fontesville e Jardim Natal, regi\u00e3o norte. Ser\u00e3o atendidas as ruas Cl\u00f3vis Seroa da Motta, Vittar Maria de Oliveira, Maria Luiza Alves, Geraldo Scaldini, Raimundo Hargreaves, al\u00e9m de diversas ruas do Santa Cec\u00edlia.<\/p>\n<p>Nessa quinta, 4, o servi\u00e7o foi realizado nas ruas Randal de Oliveira, Guadalupe Baeta Neves, Jos\u00e9 Apol\u00f4nio dos Reis e Zaquia Nami Mokdeci, no Bairro Aeroporto; Helena Bittencourt, Maria Geralda de Freitas, Pedro Ronzani e Coronel Pedro Porto, no Monte Castelo; Josu\u00e9 de Queiroz e Avenida Brasil, no Santa Terezinha; Ruas Pedro Henrique Krambeck, no S\u00e3o Pedro; Manoel Vaz de Magalh\u00e3es, Bosque do Imperador; Apiac\u00f3s, no Guaru\u00e1; Henrique de Novaes, no Nossa Senhora de Lourdes; Doutor Jo\u00e3o Penido, no Bom Pastor; Avenida Sete, no Costa Carvalho; e ruas Rei Alberto, Oscar Vidal e Avenida Presidente Itamar Franco, no Centro.<\/p>\n<hr \/>\n<p>&nbsp;Fonte: Assessoria\/PJF<\/p>\n","protected":false},"excerpt":{"rendered":"<p>A Empresa Municipal de Pavimenta\u00e7\u00e3o e Urbaniza\u00e7\u00e3o (Empav) realiza opera\u00e7\u00e3o tapa-buracos nesta sexta-feira, 5, nos bairros S\u00e3o Geraldo e Santa Cec\u00edlia, regi\u00e3o sul; Santa Paula, regi\u00e3o leste; Fontesville e Jardim Natal, regi\u00e3o norte. Ser\u00e3o atendidas as ruas Cl\u00f3vis Seroa da Motta, Vittar Maria de Oliveira, Maria Luiza Alves, Geraldo Scaldini, Raimundo Hargreaves, al\u00e9m de diversas [&hellip;]<\/p>\n","protected":false},"author":96,"featured_media":88845,"comment_status":"closed","ping_status":"closed","sticky":false,"template":"","format":"standard","meta":{"footnotes":""},"categories":[253],"tags":[],"class_list":["post-88846","post","type-post","status-publish","format-standard","has-post-thumbnail","hentry","category-cidade"],"_links":{"self":[{"href":"https:\/\/diarioregionaldigital.com.br\/index.php?rest_route=\/wp\/v2\/posts\/88846","targetHints":{"allow":["GET"]}}],"collection":[{"href":"https:\/\/diarioregionaldigital.com.br\/index.php?rest_route=\/wp\/v2\/posts"}],"about":[{"href":"https:\/\/diarioregionaldigital.com.br\/index.php?rest_route=\/wp\/v2\/types\/post"}],"author":[{"embeddable":true,"href":"https:\/\/diarioregionaldigital.com.br\/index.php?rest_route=\/wp\/v2\/users\/96"}],"replies":[{"embeddable":true,"href":"https:\/\/diarioregionaldigital.com.br\/index.php?rest_route=%2Fwp%2Fv2%2Fcomments&post=88846"}],"version-history":[{"count":0,"href":"https:\/\/diarioregionaldigital.com.br\/index.php?rest_route=\/wp\/v2\/posts\/88846\/revisions"}],"wp:featuredmedia":[{"embeddable":true,"href":"https:\/\/diarioregionaldigital.com.br\/index.php?rest_route=\/wp\/v2\/media\/88845"}],"wp:attachment":[{"href":"https:\/\/diarioregionaldigital.com.br\/index.php?rest_route=%2Fwp%2Fv2%2Fmedia&parent=88846"}],"wp:term":[{"taxonomy":"category","embeddable":true,"href":"https:\/\/diarioregionaldigital.com.br\/index.php?rest_route=%2Fwp%2Fv2%2Fcategories&post=88846"},{"taxonomy":"post_tag","embeddable":true,"href":"https:\/\/diarioregionaldigital.com.br\/index.php?rest_route=%2Fwp%2Fv2%2Ftags&post=88846"}],"curies":[{"name":"wp","href":"https:\/\/api.w.org\/{rel}","templated":true}]}}