{"id":88844,"date":"2018-01-05T17:43:34","date_gmt":"2018-01-05T19:43:34","guid":{"rendered":"http:\/\/diarioregionaljf.com.br\/2018\/01\/05\/cesta-basica-nacional-apresenta-aumento-de-2-37\/"},"modified":"2018-01-05T17:43:34","modified_gmt":"2018-01-05T19:43:34","slug":"cesta-basica-nacional-apresenta-aumento-de-2-37","status":"publish","type":"post","link":"https:\/\/diarioregionaldigital.com.br\/?p=88844","title":{"rendered":"Cesta b\u00e1sica nacional apresenta aumento de 2,37%"},"content":{"rendered":"<p>A primeira pesquisa semanal de pre\u00e7os realizada pela Secretaria de Agropecu\u00e1ria e Abastecimento (SAA) da Prefeitura de Juiz de Fora (PJF) em 2018, divulgada na quinta-feira, 4, revelou aumento no valor da cesta b\u00e1sica nacional. O pre\u00e7o registrado foi de R$348,81.<\/p>\n<p>Em rela\u00e7\u00e3o \u00e0 pesquisa anterior, est\u00e1 R$8,08 mais cara. Em percentual, o aumento \u00e9 de 2,37%. Na compara\u00e7\u00e3o com a primeira pesquisa do ano de 2017, a cesta custa R$9,30 a mais. Em percentual, o aumento em rela\u00e7\u00e3o \u00e0 primeira pesquisa do ano anterior \u00e9 de 2,73%. Tendo como base uma fam\u00edlia com quatro pessoas, sendo duas adultas e duas crian\u00e7as, e considerando o consumo de duas crian\u00e7as como o de uma pessoa adulta, o gasto atual com a cesta \u00e9 de R$1.046,44. O valor representa 39,74% do sal\u00e1rio m\u00ednimo l\u00edquido, equivalente a 12 dias de trabalho.<\/p>\n<p>Os produtos que apresentaram os maiores aumentos de pre\u00e7o foram tomate (39,41%), manteiga comum (10,53%) e banana prata (9,36%). As maiores quedas foram registradas por p\u00e3o de sal franc\u00eas (-16,52%), a\u00e7\u00facar cristal (-10,78%) e \u00f3leo de soja (-3,82%). O Departamento de Fomento Agropecu\u00e1rio, Promo\u00e7\u00e3o Rural e Informa\u00e7\u00e3o (Dfapri) da SAA realiza o levantamento seguindo metodologia desenvolvida pelo Departamento Intersindical de Estat\u00edstica e Estudos Socioecon\u00f4micos (Dieese).<\/p>\n<hr \/>\n<p>&nbsp;Fonte: Assessoria\/PJF<\/p>\n","protected":false},"excerpt":{"rendered":"<p>A primeira pesquisa semanal de pre\u00e7os realizada pela Secretaria de Agropecu\u00e1ria e Abastecimento (SAA) da Prefeitura de Juiz de Fora (PJF) em 2018, divulgada na quinta-feira, 4, revelou aumento no valor da cesta b\u00e1sica nacional. O pre\u00e7o registrado foi de R$348,81. Em rela\u00e7\u00e3o \u00e0 pesquisa anterior, est\u00e1 R$8,08 mais cara. Em percentual, o aumento \u00e9 [&hellip;]<\/p>\n","protected":false},"author":96,"featured_media":88843,"comment_status":"closed","ping_status":"closed","sticky":false,"template":"","format":"standard","meta":{"footnotes":""},"categories":[261],"tags":[],"class_list":["post-88844","post","type-post","status-publish","format-standard","has-post-thumbnail","hentry","category-economia"],"_links":{"self":[{"href":"https:\/\/diarioregionaldigital.com.br\/index.php?rest_route=\/wp\/v2\/posts\/88844","targetHints":{"allow":["GET"]}}],"collection":[{"href":"https:\/\/diarioregionaldigital.com.br\/index.php?rest_route=\/wp\/v2\/posts"}],"about":[{"href":"https:\/\/diarioregionaldigital.com.br\/index.php?rest_route=\/wp\/v2\/types\/post"}],"author":[{"embeddable":true,"href":"https:\/\/diarioregionaldigital.com.br\/index.php?rest_route=\/wp\/v2\/users\/96"}],"replies":[{"embeddable":true,"href":"https:\/\/diarioregionaldigital.com.br\/index.php?rest_route=%2Fwp%2Fv2%2Fcomments&post=88844"}],"version-history":[{"count":0,"href":"https:\/\/diarioregionaldigital.com.br\/index.php?rest_route=\/wp\/v2\/posts\/88844\/revisions"}],"wp:featuredmedia":[{"embeddable":true,"href":"https:\/\/diarioregionaldigital.com.br\/index.php?rest_route=\/wp\/v2\/media\/88843"}],"wp:attachment":[{"href":"https:\/\/diarioregionaldigital.com.br\/index.php?rest_route=%2Fwp%2Fv2%2Fmedia&parent=88844"}],"wp:term":[{"taxonomy":"category","embeddable":true,"href":"https:\/\/diarioregionaldigital.com.br\/index.php?rest_route=%2Fwp%2Fv2%2Fcategories&post=88844"},{"taxonomy":"post_tag","embeddable":true,"href":"https:\/\/diarioregionaldigital.com.br\/index.php?rest_route=%2Fwp%2Fv2%2Ftags&post=88844"}],"curies":[{"name":"wp","href":"https:\/\/api.w.org\/{rel}","templated":true}]}}