{"id":88840,"date":"2018-01-05T17:31:26","date_gmt":"2018-01-05T19:31:26","guid":{"rendered":"http:\/\/diarioregionaljf.com.br\/2018\/01\/05\/settra-promove-intervencoes-no-transito-da-regiao-central-nesse-domingo\/"},"modified":"2018-01-05T17:31:26","modified_gmt":"2018-01-05T19:31:26","slug":"settra-promove-intervencoes-no-transito-da-regiao-central-nesse-domingo","status":"publish","type":"post","link":"https:\/\/diarioregionaldigital.com.br\/?p=88840","title":{"rendered":"Settra promove interven\u00e7\u00f5es no tr\u00e2nsito da regi\u00e3o central nesse domingo"},"content":{"rendered":"<p>Nesse domingo, 7, a Secretaria de Transporte e Tr\u00e2nsito (Settra) da Prefeitura de Juiz de Fora (PJF) promover\u00e1 interven\u00e7\u00f5es no tr\u00e2nsito da cidade e no itiner\u00e1rio de algumas linhas do transporte coletivo urbano, das 7h \u00e0s 16h, para realiza\u00e7\u00e3o de obra no Bairro S\u00e3o Mateus e no cruzamento das ruas Santo Ant\u00f4nio e Rua Benjamin Constant.<\/p>\n<p>No S\u00e3o Mateus, haver\u00e1 interdi\u00e7\u00e3o parcial e implanta\u00e7\u00e3o de m\u00e3o dupla na Ladeira Alexandre Leonel, entre o trevo do Bairro Estrela Sul e Supermercado Bretas (pista sentido bairro\/Centro).<\/p>\n<p><strong>Obra no Centro<\/strong><\/p>\n<p>Com a interven\u00e7\u00e3o na Santo Ant\u00f4nio com Benjamin Constant, os \u00f4nibus das linhas 516 (S\u00e3o Pedro\/Via Borboleta), 530, 533, 540, 541 (S\u00e3o Pedro), 532 (S\u00e3o Pedro\/Via Cai\u00e7aras), 534 (Santos Dumont), 538 (Morada do Serro\/ Via Jardim Casa Blanca\/ Adolpho Vireque), 542 (Lagoa) far\u00e3o o seguinte trajeto no sentido Centro\/bairro: Avenida Franscisco Bernardino, Rua Bar\u00e3o de Cataguases, Avenida dos Andradas.<\/p>\n<p>J\u00e1 o percurso dos ve\u00edculos da linha 531 (Nova Calif\u00f3rnia), no mesmo sentido, ser\u00e1: Avenida dos Andradas, Rua Silva Jardim, Avenida Francisco Bernardino, Rua Bar\u00e3o de Cataguases, Avenida dos Andradas.<\/p>\n<hr \/>\n<p>&nbsp;Fonte: Assessoria\/PJF<\/p>\n","protected":false},"excerpt":{"rendered":"<p>Nesse domingo, 7, a Secretaria de Transporte e Tr\u00e2nsito (Settra) da Prefeitura de Juiz de Fora (PJF) promover\u00e1 interven\u00e7\u00f5es no tr\u00e2nsito da cidade e no itiner\u00e1rio de algumas linhas do transporte coletivo urbano, das 7h \u00e0s 16h, para realiza\u00e7\u00e3o de obra no Bairro S\u00e3o Mateus e no cruzamento das ruas Santo Ant\u00f4nio e Rua Benjamin [&hellip;]<\/p>\n","protected":false},"author":96,"featured_media":88839,"comment_status":"closed","ping_status":"closed","sticky":false,"template":"","format":"standard","meta":{"footnotes":""},"categories":[253],"tags":[],"class_list":["post-88840","post","type-post","status-publish","format-standard","has-post-thumbnail","hentry","category-cidade"],"_links":{"self":[{"href":"https:\/\/diarioregionaldigital.com.br\/index.php?rest_route=\/wp\/v2\/posts\/88840","targetHints":{"allow":["GET"]}}],"collection":[{"href":"https:\/\/diarioregionaldigital.com.br\/index.php?rest_route=\/wp\/v2\/posts"}],"about":[{"href":"https:\/\/diarioregionaldigital.com.br\/index.php?rest_route=\/wp\/v2\/types\/post"}],"author":[{"embeddable":true,"href":"https:\/\/diarioregionaldigital.com.br\/index.php?rest_route=\/wp\/v2\/users\/96"}],"replies":[{"embeddable":true,"href":"https:\/\/diarioregionaldigital.com.br\/index.php?rest_route=%2Fwp%2Fv2%2Fcomments&post=88840"}],"version-history":[{"count":0,"href":"https:\/\/diarioregionaldigital.com.br\/index.php?rest_route=\/wp\/v2\/posts\/88840\/revisions"}],"wp:featuredmedia":[{"embeddable":true,"href":"https:\/\/diarioregionaldigital.com.br\/index.php?rest_route=\/wp\/v2\/media\/88839"}],"wp:attachment":[{"href":"https:\/\/diarioregionaldigital.com.br\/index.php?rest_route=%2Fwp%2Fv2%2Fmedia&parent=88840"}],"wp:term":[{"taxonomy":"category","embeddable":true,"href":"https:\/\/diarioregionaldigital.com.br\/index.php?rest_route=%2Fwp%2Fv2%2Fcategories&post=88840"},{"taxonomy":"post_tag","embeddable":true,"href":"https:\/\/diarioregionaldigital.com.br\/index.php?rest_route=%2Fwp%2Fv2%2Ftags&post=88840"}],"curies":[{"name":"wp","href":"https:\/\/api.w.org\/{rel}","templated":true}]}}