{"id":88832,"date":"2018-01-05T15:43:05","date_gmt":"2018-01-05T17:43:05","guid":{"rendered":"http:\/\/diarioregionaljf.com.br\/2018\/01\/05\/projeto-permite-uso-do-nome-social-em-documento-de-identidade\/"},"modified":"2018-01-05T15:43:05","modified_gmt":"2018-01-05T17:43:05","slug":"projeto-permite-uso-do-nome-social-em-documento-de-identidade","status":"publish","type":"post","link":"https:\/\/diarioregionaldigital.com.br\/?p=88832","title":{"rendered":"Projeto permite uso do nome social em documento de identidade"},"content":{"rendered":"<p>A C\u00e2mara dos Deputados analisa proposta que permite o uso de nome social em documento de identidade. Trata-se do Projeto de Lei 8174\/17, apresentado pelo deputado Andr\u00e9 Amaral (PMDB-PB).<\/p>\n<p>O texto altera Lei 13.444\/17, que cria a Identifica\u00e7\u00e3o Civil Nacional (ICN), sancionada pelo presidente Michel Temer em maio do ano passado.<\/p>\n<p>A ICN utilizar\u00e1 a base de dados biom\u00e9tricos da Justi\u00e7a Eleitoral e a base de dados do Sistema Nacional de Informa\u00e7\u00f5es de Registro Civil (Sirc).<\/p>\n<p>\u201cO objetivo desta proposta \u00e9 fazer com que o cidad\u00e3o possa ter em seu documento de identidade o nome como \u00e9 conhecido socialmente, como corriqueiramente \u00e9 chamado e conhecido no meio em que vive ou que atua profissionalmente\u201d, explica Amaral. \u201cMuitas pessoas s\u00e3o chamadas pelo apelido mais o nome, pelo nome abreviado, pelo nome mais a atividade a qual est\u00e1 vinculado\u201d, cita.<\/p>\n<p>&nbsp;<\/p>\n<h4>TRAMITA\u00c7\u00c3O<\/h4>\n<p>A proposta ser\u00e1 analisada em car\u00e1ter conclusivo pela Comiss\u00e3o de Constitui\u00e7\u00e3o e Justi\u00e7a e de Cidadania, inclusive quanto ao m\u00e9rito.<\/p>\n<p>Fonte: Ag\u00eancia Brasil<\/p>\n","protected":false},"excerpt":{"rendered":"<p>A C\u00e2mara dos Deputados analisa proposta que permite o uso de nome social em documento de identidade. Trata-se do Projeto de Lei 8174\/17, apresentado pelo deputado Andr\u00e9 Amaral (PMDB-PB). O texto altera Lei 13.444\/17, que cria a Identifica\u00e7\u00e3o Civil Nacional (ICN), sancionada pelo presidente Michel Temer em maio do ano passado. A ICN utilizar\u00e1 a [&hellip;]<\/p>\n","protected":false},"author":96,"featured_media":88831,"comment_status":"closed","ping_status":"closed","sticky":false,"template":"","format":"standard","meta":{"footnotes":""},"categories":[254],"tags":[],"class_list":["post-88832","post","type-post","status-publish","format-standard","has-post-thumbnail","hentry","category-politica"],"_links":{"self":[{"href":"https:\/\/diarioregionaldigital.com.br\/index.php?rest_route=\/wp\/v2\/posts\/88832","targetHints":{"allow":["GET"]}}],"collection":[{"href":"https:\/\/diarioregionaldigital.com.br\/index.php?rest_route=\/wp\/v2\/posts"}],"about":[{"href":"https:\/\/diarioregionaldigital.com.br\/index.php?rest_route=\/wp\/v2\/types\/post"}],"author":[{"embeddable":true,"href":"https:\/\/diarioregionaldigital.com.br\/index.php?rest_route=\/wp\/v2\/users\/96"}],"replies":[{"embeddable":true,"href":"https:\/\/diarioregionaldigital.com.br\/index.php?rest_route=%2Fwp%2Fv2%2Fcomments&post=88832"}],"version-history":[{"count":0,"href":"https:\/\/diarioregionaldigital.com.br\/index.php?rest_route=\/wp\/v2\/posts\/88832\/revisions"}],"wp:featuredmedia":[{"embeddable":true,"href":"https:\/\/diarioregionaldigital.com.br\/index.php?rest_route=\/wp\/v2\/media\/88831"}],"wp:attachment":[{"href":"https:\/\/diarioregionaldigital.com.br\/index.php?rest_route=%2Fwp%2Fv2%2Fmedia&parent=88832"}],"wp:term":[{"taxonomy":"category","embeddable":true,"href":"https:\/\/diarioregionaldigital.com.br\/index.php?rest_route=%2Fwp%2Fv2%2Fcategories&post=88832"},{"taxonomy":"post_tag","embeddable":true,"href":"https:\/\/diarioregionaldigital.com.br\/index.php?rest_route=%2Fwp%2Fv2%2Ftags&post=88832"}],"curies":[{"name":"wp","href":"https:\/\/api.w.org\/{rel}","templated":true}]}}