{"id":88830,"date":"2018-01-05T15:38:04","date_gmt":"2018-01-05T17:38:04","guid":{"rendered":"http:\/\/diarioregionaljf.com.br\/2018\/01\/05\/medida-provisoria-libera-r-2-bilhoes-em-carater-emergencial-a-municipios\/"},"modified":"2018-01-05T15:38:04","modified_gmt":"2018-01-05T17:38:04","slug":"medida-provisoria-libera-r-2-bilhoes-em-carater-emergencial-a-municipios","status":"publish","type":"post","link":"https:\/\/diarioregionaldigital.com.br\/?p=88830","title":{"rendered":"Medida provis\u00f3ria libera R$ 2 bilh\u00f5es em car\u00e1ter emergencial a munic\u00edpios"},"content":{"rendered":"<p>O Congresso Nacional dever\u00e1 analisar a partir de 2 de fevereiro, com o fim do recesso parlamentar, medida provis\u00f3ria que autoriza o repasse de apoio financeiro aos munic\u00edpios no valor de R$2 bilh\u00f5es (MP 815\/17).<\/p>\n<p>Pelo texto, a parcela destinada a cada ente federado ser\u00e1 definida pelos mesmos crit\u00e9rios de transfer\u00eancias via Fundo de Participa\u00e7\u00e3o dos Munic\u00edpios (FPM). A MP estabelece que os munic\u00edpios dever\u00e3o aplicar os recursos preferencialmente em sa\u00fade e educa\u00e7\u00e3o.<\/p>\n<p>Com a MP, o governo federal espera assegurar a continuidade dos servi\u00e7os p\u00fablicos b\u00e1sicos nos munic\u00edpios, como os de sa\u00fade e de seguran\u00e7a, bem como a continuidade de projetos de investimento feitos em parceria com a Uni\u00e3o.<\/p>\n<p>O Planalto argumenta que o objetivo da MP \u00e9 atender a \u201cdificuldades financeiras emergenciais\u201d enfrentadas pelos munic\u00edpios. Apenas em 2017, o governo estima que os munic\u00edpios deixaram de receber cerca de R$4 bilh\u00f5es por meio do FPM.<\/p>\n<p>Segundo o Minist\u00e9rio da Fazenda, \u201cas transfer\u00eancias da Uni\u00e3o, bem como as receitas pr\u00f3prias dos entes federados, v\u00eam se realizando abaixo das expectativas e das proje\u00e7\u00f5es das administra\u00e7\u00f5es municipais desde 2015\u201d.<\/p>\n<p>Fonte: Ag\u00eancia C\u00e2mara Not\u00edcias<\/p>\n","protected":false},"excerpt":{"rendered":"<p>O Congresso Nacional dever\u00e1 analisar a partir de 2 de fevereiro, com o fim do recesso parlamentar, medida provis\u00f3ria que autoriza o repasse de apoio financeiro aos munic\u00edpios no valor de R$2 bilh\u00f5es (MP 815\/17). Pelo texto, a parcela destinada a cada ente federado ser\u00e1 definida pelos mesmos crit\u00e9rios de transfer\u00eancias via Fundo de Participa\u00e7\u00e3o [&hellip;]<\/p>\n","protected":false},"author":96,"featured_media":88829,"comment_status":"closed","ping_status":"closed","sticky":false,"template":"","format":"standard","meta":{"footnotes":""},"categories":[254],"tags":[],"class_list":["post-88830","post","type-post","status-publish","format-standard","has-post-thumbnail","hentry","category-politica"],"_links":{"self":[{"href":"https:\/\/diarioregionaldigital.com.br\/index.php?rest_route=\/wp\/v2\/posts\/88830","targetHints":{"allow":["GET"]}}],"collection":[{"href":"https:\/\/diarioregionaldigital.com.br\/index.php?rest_route=\/wp\/v2\/posts"}],"about":[{"href":"https:\/\/diarioregionaldigital.com.br\/index.php?rest_route=\/wp\/v2\/types\/post"}],"author":[{"embeddable":true,"href":"https:\/\/diarioregionaldigital.com.br\/index.php?rest_route=\/wp\/v2\/users\/96"}],"replies":[{"embeddable":true,"href":"https:\/\/diarioregionaldigital.com.br\/index.php?rest_route=%2Fwp%2Fv2%2Fcomments&post=88830"}],"version-history":[{"count":0,"href":"https:\/\/diarioregionaldigital.com.br\/index.php?rest_route=\/wp\/v2\/posts\/88830\/revisions"}],"wp:featuredmedia":[{"embeddable":true,"href":"https:\/\/diarioregionaldigital.com.br\/index.php?rest_route=\/wp\/v2\/media\/88829"}],"wp:attachment":[{"href":"https:\/\/diarioregionaldigital.com.br\/index.php?rest_route=%2Fwp%2Fv2%2Fmedia&parent=88830"}],"wp:term":[{"taxonomy":"category","embeddable":true,"href":"https:\/\/diarioregionaldigital.com.br\/index.php?rest_route=%2Fwp%2Fv2%2Fcategories&post=88830"},{"taxonomy":"post_tag","embeddable":true,"href":"https:\/\/diarioregionaldigital.com.br\/index.php?rest_route=%2Fwp%2Fv2%2Ftags&post=88830"}],"curies":[{"name":"wp","href":"https:\/\/api.w.org\/{rel}","templated":true}]}}