{"id":88828,"date":"2018-01-05T15:25:34","date_gmt":"2018-01-05T17:25:34","guid":{"rendered":"http:\/\/diarioregionaljf.com.br\/2018\/01\/05\/pf-tse-e-ministerio-publico-vao-criar-grupo-para-combater-fake-news-na-eleicao\/"},"modified":"2018-01-05T15:25:34","modified_gmt":"2018-01-05T17:25:34","slug":"pf-tse-e-ministerio-publico-vao-criar-grupo-para-combater-fake-news-na-eleicao","status":"publish","type":"post","link":"https:\/\/diarioregionaldigital.com.br\/?p=88828","title":{"rendered":"PF, TSE e Minist\u00e9rio P\u00fablico v\u00e3o criar grupo para combater fake news na elei\u00e7\u00e3o"},"content":{"rendered":"<p>Um grupo de trabalho ser\u00e1 criado para desenvolver formas de combate \u00e0s camadas not\u00edcias falsas (fake news, no termo em ingl\u00eas). A inst\u00e2ncia deve ser composta por integrantes da Pol\u00edcia Federal, do Tribunal Superior Eleitoral (TSE) e do Minist\u00e9rio P\u00fablico Federal. O foco do trabalho ser\u00e1 a discuss\u00e3o de medidas que possam ser adotadas nas elei\u00e7\u00f5es deste ano.<br \/>O tema das fake news ganhou visibilidade recentemente pela grande dissemina\u00e7\u00e3o, especialmente entre usu\u00e1rios e redes sociais. Essa pr\u00e1tica causou pol\u00eamica como poss\u00edvel influ\u00eancia em processos eleitorais, como nos Estados Unidos e na Fran\u00e7a.<\/p>\n<p>A cria\u00e7\u00e3o do grupo foi uma demanda do pr\u00f3ximo presidente do Tribunal Superior Eleitoral (TSE), Luiz Fux, ministro do Supremo Tribunal Federal (STF). O tema entrou nas discuss\u00f5es sobre as regras para o pleito de outubro. Contudo, n\u00e3o foi inclu\u00eddo na resolu\u00e7\u00e3o aprovada no dia 18 de dezembro pelo TSE e ainda deve ser objeto de regras antes do in\u00edcio do processo eleitoral.<\/p>\n<p>Al\u00e9m da inst\u00e2ncia, j\u00e1 est\u00e1 em funcionamento um conselho consultivo criado pelo atual presidente do TSE, ministro Gilmar Mendes no fim de 2017. O grupo desenvolve pesquisas e produz informa\u00e7\u00f5es sobre a influ\u00eancia da Internet nas elei\u00e7\u00f5es, em especial os preju\u00edzos das chamadas not\u00edcias falsas e de rob\u00f4s nas disputa e propor o aperfei\u00e7oamento de normas sobre esses assuntos.<\/p>\n<p>&nbsp;<\/p>\n<h4>PROJETOS DE LEI<\/h4>\n<p>No Congresso Nacional, tramitam projetos de lei tratando do tema. Entre as medidas propostas est\u00e3o a criminaliza\u00e7\u00e3o da cria\u00e7\u00e3o e difus\u00e3o desses conte\u00fados e a obriga\u00e7\u00e3o das plataformas de retirar mensagens falsas sob pena de aplica\u00e7\u00e3o de multas pesadas.<\/p>\n<p>Fonte: Ag\u00eancia Brasil<\/p>\n","protected":false},"excerpt":{"rendered":"<p>Um grupo de trabalho ser\u00e1 criado para desenvolver formas de combate \u00e0s camadas not\u00edcias falsas (fake news, no termo em ingl\u00eas). A inst\u00e2ncia deve ser composta por integrantes da Pol\u00edcia Federal, do Tribunal Superior Eleitoral (TSE) e do Minist\u00e9rio P\u00fablico Federal. O foco do trabalho ser\u00e1 a discuss\u00e3o de medidas que possam ser adotadas nas [&hellip;]<\/p>\n","protected":false},"author":96,"featured_media":88827,"comment_status":"closed","ping_status":"closed","sticky":false,"template":"","format":"standard","meta":{"footnotes":""},"categories":[254],"tags":[],"class_list":["post-88828","post","type-post","status-publish","format-standard","has-post-thumbnail","hentry","category-politica"],"_links":{"self":[{"href":"https:\/\/diarioregionaldigital.com.br\/index.php?rest_route=\/wp\/v2\/posts\/88828","targetHints":{"allow":["GET"]}}],"collection":[{"href":"https:\/\/diarioregionaldigital.com.br\/index.php?rest_route=\/wp\/v2\/posts"}],"about":[{"href":"https:\/\/diarioregionaldigital.com.br\/index.php?rest_route=\/wp\/v2\/types\/post"}],"author":[{"embeddable":true,"href":"https:\/\/diarioregionaldigital.com.br\/index.php?rest_route=\/wp\/v2\/users\/96"}],"replies":[{"embeddable":true,"href":"https:\/\/diarioregionaldigital.com.br\/index.php?rest_route=%2Fwp%2Fv2%2Fcomments&post=88828"}],"version-history":[{"count":0,"href":"https:\/\/diarioregionaldigital.com.br\/index.php?rest_route=\/wp\/v2\/posts\/88828\/revisions"}],"wp:featuredmedia":[{"embeddable":true,"href":"https:\/\/diarioregionaldigital.com.br\/index.php?rest_route=\/wp\/v2\/media\/88827"}],"wp:attachment":[{"href":"https:\/\/diarioregionaldigital.com.br\/index.php?rest_route=%2Fwp%2Fv2%2Fmedia&parent=88828"}],"wp:term":[{"taxonomy":"category","embeddable":true,"href":"https:\/\/diarioregionaldigital.com.br\/index.php?rest_route=%2Fwp%2Fv2%2Fcategories&post=88828"},{"taxonomy":"post_tag","embeddable":true,"href":"https:\/\/diarioregionaldigital.com.br\/index.php?rest_route=%2Fwp%2Fv2%2Ftags&post=88828"}],"curies":[{"name":"wp","href":"https:\/\/api.w.org\/{rel}","templated":true}]}}