{"id":88774,"date":"2018-01-04T22:28:02","date_gmt":"2018-01-05T00:28:02","guid":{"rendered":"http:\/\/diarioregionaljf.com.br\/2018\/01\/04\/ano-novo-complicado-mas-iluminado-pelo-natal\/"},"modified":"2018-04-16T08:05:41","modified_gmt":"2018-04-16T11:05:41","slug":"ano-novo-complicado-mas-iluminado-pelo-natal","status":"publish","type":"post","link":"https:\/\/diarioregionaldigital.com.br\/?p=88774","title":{"rendered":"Ano Novo complicado, mas iluminado pelo Natal"},"content":{"rendered":"<p>Como almejar um Feliz Ano Novo numa situa\u00e7\u00e3o pol\u00edtica como a brasileira, onde tudo parece continuar sem solu\u00e7\u00e3o? Como dizer boas festas, num ambiente t\u00e3o funesto com tanta viol\u00eancia, corrup\u00e7\u00e3o e enganos como o que estamos experimentando hoje em dia? Diante de um mundo t\u00e3o agressivo \u00e0 f\u00e9, t\u00e3o marcado por secularismo, contradit\u00f3rio em seus termos, que ao mesmo tempo prega o direito \u00e0 diversidade e nega o direito de ser fiel aos princ\u00edpios religiosos, formular votos de Bom Ano \u00e9 um desafio. N\u00e3o h\u00e1 d\u00favida que somente a f\u00e9 pode vir em nosso socorro. Ela, segundo a palavra do Mestre de Nazar\u00e9, \u00e9 capaz de remover montanhas.<\/p>\n<p>No Natal, celebramos a consoladora realidade de Deus que se faz pequeno, sendo infinitamente grande; se faz homem, sendo absoluto Deus! O que o orbe inteiro n\u00e3o pode conter, acomoda-se no reduzido espa\u00e7o do seio de Maria. O que o mundo n\u00e3o \u00e9 capaz de imaginar, penetra a alma humana com esplendor de santidade que n\u00e3o conhece limites e com a efus\u00e3o de gra\u00e7as que a mente humana n\u00e3o pode calcular. Deus se faz homem, sem deixar de ser Deus e a humanidade do Menino de Bel\u00e9m \u00e9 divinizada, sem deixar de ser terrena. Explica-nos S\u00e3o Le\u00e3o Magno, um dos maiores Papas da hist\u00f3ria (440-461), que esse estupendo milagre n\u00e3o causou a Deus nenhuma diminui\u00e7\u00e3o em sua divindade e nem resultou em nenhuma destrui\u00e7\u00e3o \u00e0 humanidade de Jesus. S\u00f3 Deus pode modificar, desta maneira, as condi\u00e7\u00f5es e leis da natureza, pois, em geral, o que \u00e9 maior n\u00e3o cabe em espa\u00e7o menor, nem o que \u00e9 menor suporta o peso do que \u00e9 maior. O forte, em geral, vence o mais fraco, e o rico, em geral, \u00e9 mais favorecido que o empobrecido. Mas aqui, trata-se de coisa divina, com o poder de Deus que do nada tudo criou, e com o pouco tudo deseja salvar.<\/p>\n<p>O que seria mesmo salvar? Que significado tem este voc\u00e1bulo com espa\u00e7o t\u00e3o especial nas Sagradas Escrituras? Salvar \u00e9 tirar algu\u00e9m do perigo, \u00e9 afastar o fr\u00e1gil da derrota, \u00e9 devolver o \u00e2nimo ao que perdeu a esperan\u00e7a, \u00e9 levantar o que est\u00e1 abatido, \u00e9 reacender a f\u00e9 no cora\u00e7\u00e3o desiludido, \u00e9 dar for\u00e7a e coragem ao que se sente impotente diante de agress\u00f5es, de incompreens\u00f5es, de correntes contr\u00e1rias ao que sempre creu, aos ataques \u00e0 f\u00e9, \u00e0 moral, \u00e0 virtude. Salvar \u00e9 resgatar algu\u00e9m do poder do mal, da for\u00e7a in\u00edqua do pecado, \u00e9 dar o c\u00e9u \u00e0quele que o perdera e tem certeza de que n\u00e3o o merece, mas o deseja. Salvar para a eternidade \u00e9 um ato supremo de amor s\u00f3 poss\u00edvel a Deus perfeit\u00edssimo em miseric\u00f3rdia, sabedoria, perd\u00e3o e amor.<\/p>\n<p>Naquela noite santa de Bel\u00e9m, as coisas se invertem do comum, do corriqueiro e os fatos ganham contornos extraordin\u00e1rios, a fim que a ra\u00e7a humana compreendesse que Deus \u00e9 todo poderoso e age por extremo de amor. Como afirmou Thomas Merton, \u201cHoje, Cristo, a Palavra eterna do Pai, que estava no princ\u00edpio com o Pai, em quem todas as coisas foram feitas, no qual todas subsistem, penetra no mundo criado por ele, para recuperar as almas esquecidas de sua identidade\u201d (Thomas Merton, in Tempo e Liturgia).<\/p>\n<p>A esperan\u00e7a renasce quando se tem certeza de que o Menino de Bel\u00e9m, insiste em continuar a nascer em nossos cora\u00e7\u00f5es, em nossos lares, em nossas comunidades, em nosso povo, a cada dia. Somente n\u00f3s mesmos podemos decidir se o permitiremos. Eis a nossa esperan\u00e7a. Feliz Ano Novo!<\/p>\n","protected":false},"excerpt":{"rendered":"<p>Como almejar um Feliz Ano Novo numa situa\u00e7\u00e3o pol\u00edtica como a brasileira, onde tudo parece continuar sem solu\u00e7\u00e3o? Como dizer boas festas, num ambiente t\u00e3o funesto com tanta viol\u00eancia, corrup\u00e7\u00e3o e enganos como o que estamos experimentando hoje em dia? Diante de um mundo t\u00e3o agressivo \u00e0 f\u00e9, t\u00e3o marcado por secularismo, contradit\u00f3rio em seus [&hellip;]<\/p>\n","protected":false},"author":96,"featured_media":0,"comment_status":"closed","ping_status":"closed","sticky":false,"template":"","format":"standard","meta":{"footnotes":""},"categories":[276],"tags":[],"class_list":["post-88774","post","type-post","status-publish","format-standard","hentry","category-dom-gil"],"_links":{"self":[{"href":"https:\/\/diarioregionaldigital.com.br\/index.php?rest_route=\/wp\/v2\/posts\/88774","targetHints":{"allow":["GET"]}}],"collection":[{"href":"https:\/\/diarioregionaldigital.com.br\/index.php?rest_route=\/wp\/v2\/posts"}],"about":[{"href":"https:\/\/diarioregionaldigital.com.br\/index.php?rest_route=\/wp\/v2\/types\/post"}],"author":[{"embeddable":true,"href":"https:\/\/diarioregionaldigital.com.br\/index.php?rest_route=\/wp\/v2\/users\/96"}],"replies":[{"embeddable":true,"href":"https:\/\/diarioregionaldigital.com.br\/index.php?rest_route=%2Fwp%2Fv2%2Fcomments&post=88774"}],"version-history":[{"count":0,"href":"https:\/\/diarioregionaldigital.com.br\/index.php?rest_route=\/wp\/v2\/posts\/88774\/revisions"}],"wp:attachment":[{"href":"https:\/\/diarioregionaldigital.com.br\/index.php?rest_route=%2Fwp%2Fv2%2Fmedia&parent=88774"}],"wp:term":[{"taxonomy":"category","embeddable":true,"href":"https:\/\/diarioregionaldigital.com.br\/index.php?rest_route=%2Fwp%2Fv2%2Fcategories&post=88774"},{"taxonomy":"post_tag","embeddable":true,"href":"https:\/\/diarioregionaldigital.com.br\/index.php?rest_route=%2Fwp%2Fv2%2Ftags&post=88774"}],"curies":[{"name":"wp","href":"https:\/\/api.w.org\/{rel}","templated":true}]}}