{"id":88773,"date":"2018-01-04T22:27:17","date_gmt":"2018-01-05T00:27:17","guid":{"rendered":"http:\/\/diarioregionaljf.com.br\/2018\/01\/04\/shows-e-eventos-poderao-sofrer-penalidades-em-caso-de-atrasos\/"},"modified":"2018-01-04T22:27:17","modified_gmt":"2018-01-05T00:27:17","slug":"shows-e-eventos-poderao-sofrer-penalidades-em-caso-de-atrasos","status":"publish","type":"post","link":"https:\/\/diarioregionaldigital.com.br\/?p=88773","title":{"rendered":"Shows e eventos poder\u00e3o sofrer penalidades em caso de atrasos"},"content":{"rendered":"<p>Durante a segunda reuni\u00e3o ordin\u00e1ria do m\u00eas de janeiro, realizada nesta quarta-feira, 3, foi aprovado, em primeira discuss\u00e3o, Projeto de Lei (PL) do vereador Dr. Adriano Miranda (PHS) que visa estabelecer hor\u00e1rio para in\u00edcio das apresenta\u00e7\u00f5es art\u00edsticas da cidade. Desse modo, a organiza\u00e7\u00e3o de eventos dever\u00e3o publicizar, de forma clara e vis\u00edvel, o hor\u00e1rio das apresenta\u00e7\u00f5es. O mesmo deve ser feito em eventos com mais de uma apresenta\u00e7\u00e3o ou artista.<\/p>\n<p>De acordo com a proposi\u00e7\u00e3o, s\u00e3o consideradas apresenta\u00e7\u00f5es art\u00edsticas os shows musicais, pe\u00e7as de teatro, espet\u00e1culos circenses, sess\u00f5es de cinema, e demais eventos ofertados ao p\u00fablico em geral mediante cobran\u00e7a de entrada, com exce\u00e7\u00e3o das apresenta\u00e7\u00f5es art\u00edsticas de cunho beneficente.<\/p>\n<p>A mat\u00e9ria, segundo seu autor, foi elaborada para tentar coibir a falta de respeito com o p\u00fablico, que paga pelo convite, chega previamente no local e no hor\u00e1rio preestabelecido, e sofrem com as apresenta\u00e7\u00f5es que acontecem em hor\u00e1rio irregulares.<\/p>\n<p>Al\u00e9m da cassa\u00e7\u00e3o do alvar\u00e1, o PL estipula multa de R$5 mil, ap\u00f3s os 30 minutos de toler\u00e2ncia (somente em casos de for\u00e7a maior). Depois de uma hora de irregularidade, a multa passa para R$10 mil, podendo chegar a R$55 mil, posterior a esse tempo.<\/p>\n<p>Os vereadores Bet\u00e3o e Castelar (ambos do PT) foram contr\u00e1rios \u00e0 vota\u00e7\u00e3o, alegando que o PL deve determinar penalidades diferentes para apresenta\u00e7\u00f5es de artistas locais dos de fora.&nbsp;A mat\u00e9ria precisa passar por mais duas discuss\u00f5es pelo plen\u00e1rio da Casa, antes de ser analisado pelo Executivo.<\/p>\n<hr \/>\n<p>&nbsp;Fonte: Assessoria\/CMJF<\/p>\n","protected":false},"excerpt":{"rendered":"<p>Durante a segunda reuni\u00e3o ordin\u00e1ria do m\u00eas de janeiro, realizada nesta quarta-feira, 3, foi aprovado, em primeira discuss\u00e3o, Projeto de Lei (PL) do vereador Dr. Adriano Miranda (PHS) que visa estabelecer hor\u00e1rio para in\u00edcio das apresenta\u00e7\u00f5es art\u00edsticas da cidade. Desse modo, a organiza\u00e7\u00e3o de eventos dever\u00e3o publicizar, de forma clara e vis\u00edvel, o hor\u00e1rio das [&hellip;]<\/p>\n","protected":false},"author":96,"featured_media":88772,"comment_status":"closed","ping_status":"closed","sticky":false,"template":"","format":"standard","meta":{"footnotes":""},"categories":[254],"tags":[],"class_list":["post-88773","post","type-post","status-publish","format-standard","has-post-thumbnail","hentry","category-politica"],"_links":{"self":[{"href":"https:\/\/diarioregionaldigital.com.br\/index.php?rest_route=\/wp\/v2\/posts\/88773","targetHints":{"allow":["GET"]}}],"collection":[{"href":"https:\/\/diarioregionaldigital.com.br\/index.php?rest_route=\/wp\/v2\/posts"}],"about":[{"href":"https:\/\/diarioregionaldigital.com.br\/index.php?rest_route=\/wp\/v2\/types\/post"}],"author":[{"embeddable":true,"href":"https:\/\/diarioregionaldigital.com.br\/index.php?rest_route=\/wp\/v2\/users\/96"}],"replies":[{"embeddable":true,"href":"https:\/\/diarioregionaldigital.com.br\/index.php?rest_route=%2Fwp%2Fv2%2Fcomments&post=88773"}],"version-history":[{"count":0,"href":"https:\/\/diarioregionaldigital.com.br\/index.php?rest_route=\/wp\/v2\/posts\/88773\/revisions"}],"wp:featuredmedia":[{"embeddable":true,"href":"https:\/\/diarioregionaldigital.com.br\/index.php?rest_route=\/wp\/v2\/media\/88772"}],"wp:attachment":[{"href":"https:\/\/diarioregionaldigital.com.br\/index.php?rest_route=%2Fwp%2Fv2%2Fmedia&parent=88773"}],"wp:term":[{"taxonomy":"category","embeddable":true,"href":"https:\/\/diarioregionaldigital.com.br\/index.php?rest_route=%2Fwp%2Fv2%2Fcategories&post=88773"},{"taxonomy":"post_tag","embeddable":true,"href":"https:\/\/diarioregionaldigital.com.br\/index.php?rest_route=%2Fwp%2Fv2%2Ftags&post=88773"}],"curies":[{"name":"wp","href":"https:\/\/api.w.org\/{rel}","templated":true}]}}