{"id":88768,"date":"2018-01-04T22:14:49","date_gmt":"2018-01-05T00:14:49","guid":{"rendered":"http:\/\/diarioregionaljf.com.br\/2018\/01\/04\/cesama-ja-concluiu-70-das-obras-de-remodelacao-da-rede-de-esgoto-no-bairro-bairu\/"},"modified":"2018-01-04T22:14:49","modified_gmt":"2018-01-05T00:14:49","slug":"cesama-ja-concluiu-70-das-obras-de-remodelacao-da-rede-de-esgoto-no-bairro-bairu","status":"publish","type":"post","link":"https:\/\/diarioregionaldigital.com.br\/?p=88768","title":{"rendered":"Cesama j\u00e1 concluiu 70% das obras de remodela\u00e7\u00e3o da rede de esgoto no Bairro Bairu"},"content":{"rendered":"<p>Nesta semana, a Companhia de Saneamento Municipal (Cesama) d\u00e1 continuidade aos trabalhos de remodela\u00e7\u00e3o de 500 metros da rede de esgoto da Rua Irm\u00e3o Martinho, no Bairro Bairu. O servi\u00e7o foi iniciado em novembro e j\u00e1 est\u00e1 70% executado. A previs\u00e3o \u00e9 de que a obra seja conclu\u00edda at\u00e9 o final de janeiro, quando ser\u00e1 iniciada a substitui\u00e7\u00e3o de cerca de 800 metros de tubula\u00e7\u00f5es na Rua Am\u00e9rico Luz.<\/p>\n<p>A obra complementa a interven\u00e7\u00e3o realizada no \u00faltimo ano na Rua Ant\u00f4nio Francisco Lemos, que recebeu cem metros de novas tubula\u00e7\u00f5es. A iniciativa tem como objetivo melhorar os servi\u00e7os de coleta de esgoto na comunidade, al\u00e9m de reduzir a quantidade de reparos feitos na via, decorrentes do rompimento das antigas manilhas de barro de 150 mil\u00edmetros de di\u00e2metro, que agora dar\u00e3o lugar a uma rede de PVC ocre, com 150 e 200 mil\u00edmetros.<\/p>\n<p>Para execu\u00e7\u00e3o dos servi\u00e7os, o tr\u00e2nsito na rua estar\u00e1 totalmente interditado de segunda a sexta-feira, das 8h30 \u00e0s 17h. A Cesama pede aos moradores que, se poss\u00edvel, retirem seus ve\u00edculos da via antes do in\u00edcio dos trabalhos.<\/p>\n<p>A remodela\u00e7\u00e3o das redes da cidade \u00e9 realizada durante todo o ano, seguindo programa\u00e7\u00e3o de prioridades, quando \u00e9 avaliada a necessidade de troca, bem como se o dimensionamento da tubula\u00e7\u00e3o \u00e9 compat\u00edvel com o n\u00famero de im\u00f3veis atendidos. Al\u00e9m disso, s\u00e3o considerados a antiguidade, o desgaste do material e a reincid\u00eancia dos servi\u00e7os de manuten\u00e7\u00e3o no trecho.<\/p>\n<hr \/>\n<p>&nbsp;Fonte: Assessoria\/PJF<\/p>\n","protected":false},"excerpt":{"rendered":"<p>Nesta semana, a Companhia de Saneamento Municipal (Cesama) d\u00e1 continuidade aos trabalhos de remodela\u00e7\u00e3o de 500 metros da rede de esgoto da Rua Irm\u00e3o Martinho, no Bairro Bairu. O servi\u00e7o foi iniciado em novembro e j\u00e1 est\u00e1 70% executado. A previs\u00e3o \u00e9 de que a obra seja conclu\u00edda at\u00e9 o final de janeiro, quando ser\u00e1 [&hellip;]<\/p>\n","protected":false},"author":96,"featured_media":88767,"comment_status":"closed","ping_status":"closed","sticky":false,"template":"","format":"standard","meta":{"footnotes":""},"categories":[253],"tags":[],"class_list":["post-88768","post","type-post","status-publish","format-standard","has-post-thumbnail","hentry","category-cidade"],"_links":{"self":[{"href":"https:\/\/diarioregionaldigital.com.br\/index.php?rest_route=\/wp\/v2\/posts\/88768","targetHints":{"allow":["GET"]}}],"collection":[{"href":"https:\/\/diarioregionaldigital.com.br\/index.php?rest_route=\/wp\/v2\/posts"}],"about":[{"href":"https:\/\/diarioregionaldigital.com.br\/index.php?rest_route=\/wp\/v2\/types\/post"}],"author":[{"embeddable":true,"href":"https:\/\/diarioregionaldigital.com.br\/index.php?rest_route=\/wp\/v2\/users\/96"}],"replies":[{"embeddable":true,"href":"https:\/\/diarioregionaldigital.com.br\/index.php?rest_route=%2Fwp%2Fv2%2Fcomments&post=88768"}],"version-history":[{"count":0,"href":"https:\/\/diarioregionaldigital.com.br\/index.php?rest_route=\/wp\/v2\/posts\/88768\/revisions"}],"wp:featuredmedia":[{"embeddable":true,"href":"https:\/\/diarioregionaldigital.com.br\/index.php?rest_route=\/wp\/v2\/media\/88767"}],"wp:attachment":[{"href":"https:\/\/diarioregionaldigital.com.br\/index.php?rest_route=%2Fwp%2Fv2%2Fmedia&parent=88768"}],"wp:term":[{"taxonomy":"category","embeddable":true,"href":"https:\/\/diarioregionaldigital.com.br\/index.php?rest_route=%2Fwp%2Fv2%2Fcategories&post=88768"},{"taxonomy":"post_tag","embeddable":true,"href":"https:\/\/diarioregionaldigital.com.br\/index.php?rest_route=%2Fwp%2Fv2%2Ftags&post=88768"}],"curies":[{"name":"wp","href":"https:\/\/api.w.org\/{rel}","templated":true}]}}