{"id":88766,"date":"2018-01-04T22:13:35","date_gmt":"2018-01-05T00:13:35","guid":{"rendered":"http:\/\/diarioregionaljf.com.br\/2018\/01\/04\/supervisores-da-gm-recebem-capacitacao-em-lideranca\/"},"modified":"2018-01-04T22:13:35","modified_gmt":"2018-01-05T00:13:35","slug":"supervisores-da-gm-recebem-capacitacao-em-lideranca","status":"publish","type":"post","link":"https:\/\/diarioregionaldigital.com.br\/?p=88766","title":{"rendered":"Supervisores da GM recebem capacita\u00e7\u00e3o em lideran\u00e7a"},"content":{"rendered":"<p>Os supervisores da Guarda Municipal (GM) de Juiz de Fora participaram, na quarta-feira, 3, de reuni\u00e3o com o comando da corpora\u00e7\u00e3o, sobre quest\u00f5es de trabalho, e de palestra, \u201cDesenvolvimento de Lideran\u00e7a&#8221;. O objetivo foi motivar e refor\u00e7ar a import\u00e2ncia da fun\u00e7\u00e3o do supervisor na intera\u00e7\u00e3o com os demais componentes da tropa. No encontro, a comandante da GM, Emilce de Castro, destacou a preval\u00eancia do capital humano aos equipamentos dentro da institui\u00e7\u00e3o: &#8220;O que temos de mais valiosas s\u00e3o as pessoas, a nossa equipe.<\/p>\n<p>Precisamos ser firmes, mas com educa\u00e7\u00e3o e respeito&#8221;. Ela destacou os aspectos de camaradagem e companheirismo entre os guardas e o privil\u00e9gio de poder contar com um grupo cujas caracter\u00edsticas pessoais s\u00e3o bem conhecidas de todos.<\/p>\n<p>Entre os desafios de liderar, a comandante apontou a necessidade de capacita\u00e7\u00e3o permanente que cada supervisor deve buscar de forma coletiva, mas tamb\u00e9m de forma particular, na realiza\u00e7\u00e3o das atividades determinadas: &#8220;Liderar \u00e9 a arte de conduzir pessoas, e isso deve ser feito de forma positiva, pelo comportamento exemplar.<\/p>\n<p>\u00c9 preciso usar da empatia, se colocar no lugar do liderado. N\u00e3o \u00e9 s\u00f3 tomar decis\u00f5es, mas, sobretudo, gerir pessoas, administrando problemas e anseios, para manter o equil\u00edbrio de toda a equipe. Isso demanda muito investimento em aprendizagem&#8221;.<\/p>\n<p>Ao supervisor de servi\u00e7os ou operacional cabe a condu\u00e7\u00e3o das mais diferentes situa\u00e7\u00f5es apresentadas em um turno de servi\u00e7o. Sua fun\u00e7\u00e3o vai de coordenar e fiscalizar, posto a posto, as equipes escaladas, bem como orient\u00e1-las sobre as caracter\u00edsticas do empenho e dar apoio quando se torna necess\u00e1ria a supremacia de for\u00e7a.<\/p>\n<p>Ele participa de rondas peri\u00f3dicas, verificando as condi\u00e7\u00f5es de normalidade ou a necessidade de alguma interven\u00e7\u00e3o nos pontos atendidos pela Guarda. Hierarquicamente, \u00e9 a interface entre o comando e os integrantes da corpora\u00e7\u00e3o, ficando respons\u00e1veis por qualquer situa\u00e7\u00e3o ocorrida durante seu turno.<\/p>\n<p>A realiza\u00e7\u00e3o da capacita\u00e7\u00e3o em &#8220;Desenvolvimento de Lideran\u00e7a&#8221; cumpre o prop\u00f3sito de estimular e incrementar o conhecimento dos supervisores. &#8220;Quanto mais conhecimento a equipe tiver, mais forte e eficaz ser\u00e1&#8221;, finalizou a palestrante. Com os atuais 92 membros, a GM atende 17 postos, em turnos de seis horas, como Hospital de Pronto Socorro (HPS) e Parque da Lajinha e apoio \u00e0 fiscaliza\u00e7\u00e3o de posturas.<\/p>\n<hr \/>\n<p>&nbsp;Fonte: Assessoria\/PJF<\/p>\n","protected":false},"excerpt":{"rendered":"<p>Os supervisores da Guarda Municipal (GM) de Juiz de Fora participaram, na quarta-feira, 3, de reuni\u00e3o com o comando da corpora\u00e7\u00e3o, sobre quest\u00f5es de trabalho, e de palestra, \u201cDesenvolvimento de Lideran\u00e7a&#8221;. O objetivo foi motivar e refor\u00e7ar a import\u00e2ncia da fun\u00e7\u00e3o do supervisor na intera\u00e7\u00e3o com os demais componentes da tropa. No encontro, a comandante [&hellip;]<\/p>\n","protected":false},"author":96,"featured_media":88765,"comment_status":"closed","ping_status":"closed","sticky":false,"template":"","format":"standard","meta":{"footnotes":""},"categories":[253],"tags":[],"class_list":["post-88766","post","type-post","status-publish","format-standard","has-post-thumbnail","hentry","category-cidade"],"_links":{"self":[{"href":"https:\/\/diarioregionaldigital.com.br\/index.php?rest_route=\/wp\/v2\/posts\/88766","targetHints":{"allow":["GET"]}}],"collection":[{"href":"https:\/\/diarioregionaldigital.com.br\/index.php?rest_route=\/wp\/v2\/posts"}],"about":[{"href":"https:\/\/diarioregionaldigital.com.br\/index.php?rest_route=\/wp\/v2\/types\/post"}],"author":[{"embeddable":true,"href":"https:\/\/diarioregionaldigital.com.br\/index.php?rest_route=\/wp\/v2\/users\/96"}],"replies":[{"embeddable":true,"href":"https:\/\/diarioregionaldigital.com.br\/index.php?rest_route=%2Fwp%2Fv2%2Fcomments&post=88766"}],"version-history":[{"count":0,"href":"https:\/\/diarioregionaldigital.com.br\/index.php?rest_route=\/wp\/v2\/posts\/88766\/revisions"}],"wp:featuredmedia":[{"embeddable":true,"href":"https:\/\/diarioregionaldigital.com.br\/index.php?rest_route=\/wp\/v2\/media\/88765"}],"wp:attachment":[{"href":"https:\/\/diarioregionaldigital.com.br\/index.php?rest_route=%2Fwp%2Fv2%2Fmedia&parent=88766"}],"wp:term":[{"taxonomy":"category","embeddable":true,"href":"https:\/\/diarioregionaldigital.com.br\/index.php?rest_route=%2Fwp%2Fv2%2Fcategories&post=88766"},{"taxonomy":"post_tag","embeddable":true,"href":"https:\/\/diarioregionaldigital.com.br\/index.php?rest_route=%2Fwp%2Fv2%2Ftags&post=88766"}],"curies":[{"name":"wp","href":"https:\/\/api.w.org\/{rel}","templated":true}]}}