{"id":88764,"date":"2018-01-04T22:05:16","date_gmt":"2018-01-05T00:05:16","guid":{"rendered":"http:\/\/diarioregionaljf.com.br\/2018\/01\/04\/venda-de-veiculos-fecha-2017-com-alta-de-9-23\/"},"modified":"2018-01-04T22:05:16","modified_gmt":"2018-01-05T00:05:16","slug":"venda-de-veiculos-fecha-2017-com-alta-de-9-23","status":"publish","type":"post","link":"https:\/\/diarioregionaldigital.com.br\/?p=88764","title":{"rendered":"Venda de ve\u00edculos fecha 2017 com alta de 9,23%"},"content":{"rendered":"<p>As vendas de ve\u00edculos novos subiram 9,23% no pa\u00eds em 2017, com a comercializa\u00e7\u00e3o de 2.239.403 autom\u00f3veis, comerciais leves (como picapes e furg\u00f5es), caminh\u00f5es e \u00f4nibus, acima do total de 2.050.240 unidades vendidas em 2016. Os n\u00fameros s\u00e3o do balan\u00e7o divulgado nessa quinta-feira, 4, pela Federa\u00e7\u00e3o Nacional da Distribui\u00e7\u00e3o dos Ve\u00edculos Automotores (Fenabrave). Em 2016, a entidade registrou queda de 20,47% nas vendas de ve\u00edculos.<\/p>\n<p>O m\u00eas de dezembro tamb\u00e9m representou alta, de 4,13% com a marca de 212.629 unidades emplacadas. Em novembro, foram vendidos 204.196 ve\u00edculos. \u201cA soma dos fatores positivos e a entrada dos recursos do d\u00e9cimo terceiro no or\u00e7amento das fam\u00edlias fortaleceram o sentimento de confian\u00e7a e a expectativa dos consumidores, que foram \u00e0s concession\u00e1rias comprar seu autom\u00f3vel 0 km\u201d, disse o presidente da Fenabrave, Alarico Assump\u00e7\u00e3o J\u00fanior.<\/p>\n<p><strong>Expectativa<\/strong><\/p>\n<p>A expectativa da federa\u00e7\u00e3o \u00e9 de manuten\u00e7\u00e3o do clima favor\u00e1vel \u00e0s vendas, registrando novo ciclo de crescimento, podendo alcan\u00e7ar 10,3% em rela\u00e7\u00e3o ao ano passado, somados todos os segmentos. Para os segmentos de autom\u00f3veis e comerciais leves, a expectativa \u00e9 de alta de 11,9% sobre os resultados de 2017. J\u00e1 para caminh\u00f5es e \u00f4nibus, a Fenabrave projeta crescimento de 8,6%, sendo 9,5% para caminh\u00f5es, 5,4% para \u00f4nibus e 7,8% para implementos rodovi\u00e1rios.<\/p>\n<p>O segmento de motocicletas, que vem sofrendo sucessivas quedas desde a crise de 2008, poder\u00e1 apresentar alta estimada em 6,5%. Para tratores, a previs\u00e3o \u00e9 de alta de 5,1% e para colheitadeiras, de 5,4%.<\/p>\n<hr \/>\n<p>&nbsp;Fonte: Ag\u00eancia Brasil<\/p>\n","protected":false},"excerpt":{"rendered":"<p>As vendas de ve\u00edculos novos subiram 9,23% no pa\u00eds em 2017, com a comercializa\u00e7\u00e3o de 2.239.403 autom\u00f3veis, comerciais leves (como picapes e furg\u00f5es), caminh\u00f5es e \u00f4nibus, acima do total de 2.050.240 unidades vendidas em 2016. Os n\u00fameros s\u00e3o do balan\u00e7o divulgado nessa quinta-feira, 4, pela Federa\u00e7\u00e3o Nacional da Distribui\u00e7\u00e3o dos Ve\u00edculos Automotores (Fenabrave). Em 2016, [&hellip;]<\/p>\n","protected":false},"author":96,"featured_media":88763,"comment_status":"closed","ping_status":"closed","sticky":false,"template":"","format":"standard","meta":{"footnotes":""},"categories":[261],"tags":[],"class_list":["post-88764","post","type-post","status-publish","format-standard","has-post-thumbnail","hentry","category-economia"],"_links":{"self":[{"href":"https:\/\/diarioregionaldigital.com.br\/index.php?rest_route=\/wp\/v2\/posts\/88764","targetHints":{"allow":["GET"]}}],"collection":[{"href":"https:\/\/diarioregionaldigital.com.br\/index.php?rest_route=\/wp\/v2\/posts"}],"about":[{"href":"https:\/\/diarioregionaldigital.com.br\/index.php?rest_route=\/wp\/v2\/types\/post"}],"author":[{"embeddable":true,"href":"https:\/\/diarioregionaldigital.com.br\/index.php?rest_route=\/wp\/v2\/users\/96"}],"replies":[{"embeddable":true,"href":"https:\/\/diarioregionaldigital.com.br\/index.php?rest_route=%2Fwp%2Fv2%2Fcomments&post=88764"}],"version-history":[{"count":0,"href":"https:\/\/diarioregionaldigital.com.br\/index.php?rest_route=\/wp\/v2\/posts\/88764\/revisions"}],"wp:featuredmedia":[{"embeddable":true,"href":"https:\/\/diarioregionaldigital.com.br\/index.php?rest_route=\/wp\/v2\/media\/88763"}],"wp:attachment":[{"href":"https:\/\/diarioregionaldigital.com.br\/index.php?rest_route=%2Fwp%2Fv2%2Fmedia&parent=88764"}],"wp:term":[{"taxonomy":"category","embeddable":true,"href":"https:\/\/diarioregionaldigital.com.br\/index.php?rest_route=%2Fwp%2Fv2%2Fcategories&post=88764"},{"taxonomy":"post_tag","embeddable":true,"href":"https:\/\/diarioregionaldigital.com.br\/index.php?rest_route=%2Fwp%2Fv2%2Ftags&post=88764"}],"curies":[{"name":"wp","href":"https:\/\/api.w.org\/{rel}","templated":true}]}}