{"id":88760,"date":"2018-01-04T21:40:28","date_gmt":"2018-01-04T23:40:28","guid":{"rendered":"http:\/\/diarioregionaljf.com.br\/2018\/01\/04\/hemominas-reforca-importancia-de-doar-sangue-no-inicio-do-ano\/"},"modified":"2018-01-04T21:40:28","modified_gmt":"2018-01-04T23:40:28","slug":"hemominas-reforca-importancia-de-doar-sangue-no-inicio-do-ano","status":"publish","type":"post","link":"https:\/\/diarioregionaldigital.com.br\/?p=88760","title":{"rendered":"Hemominas refor\u00e7a import\u00e2ncia de doar sangue no in\u00edcio do ano"},"content":{"rendered":"<p>O in\u00edcio de um novo ano \u00e9 uma \u00e9poca dif\u00edcil para os hemocentros. Com o per\u00edodo de festas e viagens, as doa\u00e7\u00f5es diminuem, enquanto o n\u00famero de pessoas acidentadas que necessitam de cirurgias aumenta. \u201c\u00c9 um fator inevit\u00e1vel. Devido ao fim do per\u00edodo letivo das crian\u00e7as e o in\u00edcio das f\u00e9rias, os doadores tendem a viajar e n\u00e3o comparecem \u00e0s doa\u00e7\u00f5es. \u00c9 o chamado \u2018efeito dezembro\u2019, com o qual convivemos todos os anos. Com a proximidade do Natal, as pessoas ficam focadas nas festas de fim ano e o estoque acaba abaixando\u201d, explica Rosani Martins, integrante da equipe de Capta\u00e7\u00e3o de Doadores da Funda\u00e7\u00e3o Hemominas em Juiz de Fora.<\/p>\n<p>Mesmo com a cidade um pouco vazia, o resultado dos quatro primeiros dias de 2018 surpreendeu a equipe de Capta\u00e7\u00e3o, ainda mais pelo tempo inst\u00e1vel que prevalece na cidade. \u201cTemos uma meta de 160 visitas por dia, e que ao menos 110 dessas pessoas possam doar. Por mais que as pessoas estejam curtindo suas f\u00e9rias, o resultado recente nos surpreendeu. Foram mais de 100 pessoas que nos visitaram nos \u00faltimos dias. Logicamente, estamos em alerta, mas felizes pelo que aconteceu\u201d, diz Rosani.<\/p>\n<p>Ainda assim, a funda\u00e7\u00e3o convida mais pessoas a se tornarem doadores. \u201cO apelo \u00e9 que as pessoas coloquem a solidariedade na veia e doem sangue, evitando que o estoque abaixe. \u00c9 importante lembrar que atendemos n\u00e3o s\u00f3 Juiz de Fora. S\u00e3o mais de 50 hospitais das 27 cidades da regi\u00e3o que precisam de doadores\u201d, frisa.<\/p>\n<p>A rotina apertada costuma atrapalhar o t\u00e9cnico em eletr\u00f4nica Claudio Roberto, que desde 1992 \u00e9 doador. No entanto, ele afirma que ainda neste m\u00eas comparecer\u00e1 ao hemocentro. \u201cCreio que irei doar o mais breve poss\u00edvel. \u00c9 uma sensa\u00e7\u00e3o muito boa de ajudar o pr\u00f3ximo e cumprir o meu dever\u201d, ressalta.<\/p>\n<p>Para se tornar doador, o volunt\u00e1rio precisa ter mais que 50Kg, n\u00e3o ter contra\u00eddo hepatite ap\u00f3s os 11 anos de idade, apresentar documento de identidade com foto, al\u00e9m de passar por avalia\u00e7\u00e3o m\u00e9dica. A faixa et\u00e1ria \u00e9 de 16 a 69 anos, sendo que entre 16 e 18, o doador dever\u00e1 estar acompanhado de um respons\u00e1vel ou ter autoriza\u00e7\u00e3o oficial. Entre 60 e 69 anos, somente a pessoa que j\u00e1 tiver doado anteriormente pode doar.<\/p>\n","protected":false},"excerpt":{"rendered":"<p>O in\u00edcio de um novo ano \u00e9 uma \u00e9poca dif\u00edcil para os hemocentros. Com o per\u00edodo de festas e viagens, as doa\u00e7\u00f5es diminuem, enquanto o n\u00famero de pessoas acidentadas que necessitam de cirurgias aumenta. \u201c\u00c9 um fator inevit\u00e1vel. Devido ao fim do per\u00edodo letivo das crian\u00e7as e o in\u00edcio das f\u00e9rias, os doadores tendem a [&hellip;]<\/p>\n","protected":false},"author":96,"featured_media":0,"comment_status":"closed","ping_status":"closed","sticky":false,"template":"","format":"standard","meta":{"footnotes":""},"categories":[253],"tags":[],"class_list":["post-88760","post","type-post","status-publish","format-standard","hentry","category-cidade"],"_links":{"self":[{"href":"https:\/\/diarioregionaldigital.com.br\/index.php?rest_route=\/wp\/v2\/posts\/88760","targetHints":{"allow":["GET"]}}],"collection":[{"href":"https:\/\/diarioregionaldigital.com.br\/index.php?rest_route=\/wp\/v2\/posts"}],"about":[{"href":"https:\/\/diarioregionaldigital.com.br\/index.php?rest_route=\/wp\/v2\/types\/post"}],"author":[{"embeddable":true,"href":"https:\/\/diarioregionaldigital.com.br\/index.php?rest_route=\/wp\/v2\/users\/96"}],"replies":[{"embeddable":true,"href":"https:\/\/diarioregionaldigital.com.br\/index.php?rest_route=%2Fwp%2Fv2%2Fcomments&post=88760"}],"version-history":[{"count":0,"href":"https:\/\/diarioregionaldigital.com.br\/index.php?rest_route=\/wp\/v2\/posts\/88760\/revisions"}],"wp:attachment":[{"href":"https:\/\/diarioregionaldigital.com.br\/index.php?rest_route=%2Fwp%2Fv2%2Fmedia&parent=88760"}],"wp:term":[{"taxonomy":"category","embeddable":true,"href":"https:\/\/diarioregionaldigital.com.br\/index.php?rest_route=%2Fwp%2Fv2%2Fcategories&post=88760"},{"taxonomy":"post_tag","embeddable":true,"href":"https:\/\/diarioregionaldigital.com.br\/index.php?rest_route=%2Fwp%2Fv2%2Ftags&post=88760"}],"curies":[{"name":"wp","href":"https:\/\/api.w.org\/{rel}","templated":true}]}}