{"id":88759,"date":"2018-01-04T21:39:34","date_gmt":"2018-01-04T23:39:34","guid":{"rendered":"http:\/\/diarioregionaljf.com.br\/2018\/01\/04\/cabral-e-denunciado-pela-20-vez-na-operacao-lava-jato\/"},"modified":"2018-01-04T21:39:34","modified_gmt":"2018-01-04T23:39:34","slug":"cabral-e-denunciado-pela-20-vez-na-operacao-lava-jato","status":"publish","type":"post","link":"https:\/\/diarioregionaldigital.com.br\/?p=88759","title":{"rendered":"Cabral \u00e9 denunciado pela 20\u00aa vez na Opera\u00e7\u00e3o Lava Jato"},"content":{"rendered":"<p>O Minist\u00e9rio P\u00fablico Federal (MPF) no Rio de Janeiro apresentou mais uma den\u00fancia envolvendo o ex-governador S\u00e9rgio Cabral por corrup\u00e7\u00e3o passiva. Esta \u00e9 a 20\u00aa den\u00fancia contra Cabral: uma foi apresentada pela for\u00e7a-tarefa da Opera\u00e7\u00e3o Lava Jato em Curitiba e as outras 19 pelo MPF no Rio, como desdobramentos da opera\u00e7\u00e3o de Curitiba. O ex-governador j\u00e1 tem quatro condena\u00e7\u00f5es pela Justi\u00e7a Federal.<\/p>\n<p>Tamb\u00e9m foram alvo da den\u00fancia o ex-secret\u00e1rio de Obras Hudson Braga, Wagner Jord\u00e3o Garcia (apontado como operador financeiro do esquema criminoso), Alex Sardinha da Veiga (ex-coordenador de licita\u00e7\u00f5es da empresa Oriente Constru\u00e7\u00e3o Civil) e Geraldo Andr\u00e9 de Miranda Santos (diretor e atual administrador da Oriente).<\/p>\n<p>Os procuradores afirmam que esta nova den\u00fancia apresentada em decorr\u00eancia das opera\u00e7\u00f5es Saqueador e Calicute abrange esquema criminoso de corrup\u00e7\u00e3o em torno dos contratos celebrados pelo governo do estado do Rio com a construtora Oriente.<\/p>\n<p>Segundo a den\u00fancia, ao menos entre 2010 e 2014, Cabral, por meio de Braga e Garcia, solicitou e recebeu propina de Alex Sardinha e Geraldo Andr\u00e9. Em geral, o valor cobrado era de 1% dos contratos celebrados.<\/p>\n<p>&#8220;Com efeito, o pagamento de propina em rela\u00e7\u00e3o \u00e0s obras p\u00fablicas executadas pelo governo do Rio de Janeiro na gest\u00e3o de S\u00e9rgio Cabral e Hudson Braga era pr\u00e1tica generalizada, que certamente gerou o pagamento de dezenas de milh\u00f5es de reais em propina\u201d, afirmam os procuradores na den\u00fancia.<\/p>\n<p>Em 21 de dezembro, Cabral foi denunciado outras duas vezes junto com o ex-chefe da Casa Civil R\u00e9gis Fichtner e o empres\u00e1rio Georges Sadala. Tamb\u00e9m foram alvo das duas den\u00fancias Luiz Carlos Bezerra e Wilson Carlos, que, segundo o MPF, eram os operadores da organiza\u00e7\u00e3o.<\/p>\n<p>Em nota, o advogado de S\u00e9rgio Cabral, Rodrigo Rocca, afirmou que a den\u00fancia se baseia apenas nas palavras de delatores e n\u00e3o apresenta qualquer elemento de prova que possa confirmar a tese da acusa\u00e7\u00e3o.<\/p>\n<p>&#8220;S\u00e9rgio Cabral nunca compactuou e nunca participou, direta ou indiretamente, de qualquer ato de corrup\u00e7\u00e3o em seu governo ou fora dele. Caso a den\u00fancia seja recebida, a defesa impetrar\u00e1 um habeas corpus para bloque\u00e1-la, seja por sua absoluta falta de provas, seja pelo emprego abusivo e equivocado da Lei da Dela\u00e7\u00e3o Premiada&#8221;, disse o advogado.<\/p>\n<p>&nbsp;<\/p>\n<p>Fonte: Ag\u00eancia Brasil<\/p>\n","protected":false},"excerpt":{"rendered":"<p>O Minist\u00e9rio P\u00fablico Federal (MPF) no Rio de Janeiro apresentou mais uma den\u00fancia envolvendo o ex-governador S\u00e9rgio Cabral por corrup\u00e7\u00e3o passiva. Esta \u00e9 a 20\u00aa den\u00fancia contra Cabral: uma foi apresentada pela for\u00e7a-tarefa da Opera\u00e7\u00e3o Lava Jato em Curitiba e as outras 19 pelo MPF no Rio, como desdobramentos da opera\u00e7\u00e3o de Curitiba. O ex-governador [&hellip;]<\/p>\n","protected":false},"author":96,"featured_media":88758,"comment_status":"closed","ping_status":"closed","sticky":false,"template":"","format":"standard","meta":{"footnotes":""},"categories":[254],"tags":[],"class_list":["post-88759","post","type-post","status-publish","format-standard","has-post-thumbnail","hentry","category-politica"],"_links":{"self":[{"href":"https:\/\/diarioregionaldigital.com.br\/index.php?rest_route=\/wp\/v2\/posts\/88759","targetHints":{"allow":["GET"]}}],"collection":[{"href":"https:\/\/diarioregionaldigital.com.br\/index.php?rest_route=\/wp\/v2\/posts"}],"about":[{"href":"https:\/\/diarioregionaldigital.com.br\/index.php?rest_route=\/wp\/v2\/types\/post"}],"author":[{"embeddable":true,"href":"https:\/\/diarioregionaldigital.com.br\/index.php?rest_route=\/wp\/v2\/users\/96"}],"replies":[{"embeddable":true,"href":"https:\/\/diarioregionaldigital.com.br\/index.php?rest_route=%2Fwp%2Fv2%2Fcomments&post=88759"}],"version-history":[{"count":0,"href":"https:\/\/diarioregionaldigital.com.br\/index.php?rest_route=\/wp\/v2\/posts\/88759\/revisions"}],"wp:featuredmedia":[{"embeddable":true,"href":"https:\/\/diarioregionaldigital.com.br\/index.php?rest_route=\/wp\/v2\/media\/88758"}],"wp:attachment":[{"href":"https:\/\/diarioregionaldigital.com.br\/index.php?rest_route=%2Fwp%2Fv2%2Fmedia&parent=88759"}],"wp:term":[{"taxonomy":"category","embeddable":true,"href":"https:\/\/diarioregionaldigital.com.br\/index.php?rest_route=%2Fwp%2Fv2%2Fcategories&post=88759"},{"taxonomy":"post_tag","embeddable":true,"href":"https:\/\/diarioregionaldigital.com.br\/index.php?rest_route=%2Fwp%2Fv2%2Ftags&post=88759"}],"curies":[{"name":"wp","href":"https:\/\/api.w.org\/{rel}","templated":true}]}}