{"id":88715,"date":"2018-01-04T14:31:23","date_gmt":"2018-01-04T16:31:23","guid":{"rendered":"http:\/\/diarioregionaljf.com.br\/2018\/01\/04\/cartorio-villela\/"},"modified":"2018-08-13T20:34:37","modified_gmt":"2018-08-13T23:34:37","slug":"cartorio-villela","status":"publish","type":"post","link":"https:\/\/diarioregionaldigital.com.br\/?p=88715","title":{"rendered":"CARTORIO VILLELA"},"content":{"rendered":"<p style=\"text-align: center;\">REP\u00daBLICA FEDERATIVA DO BRASIL<br \/>ESTADO DE MINAS GERAIS<\/p>\n<p style=\"text-align: center;\">Cart\u00f3rio de Registro Civil do 2\u00ba Subdistrito de Juiz de Fora &#8211; MG<br \/>Oficial Titular: Carlos Jos\u00e9 Ribeiro de Castro<\/p>\n<p style=\"text-align: center;\">Rua Bar\u00e3o de Cataguases, 15 Centro<br \/>36015-370 &#8211; Juiz de Fora &#8211; MG<\/p>\n<p>Faz saber que pretendem casar-se:<\/p>\n<p>01 &#8211; AGILDO DE CASTRO E SILVA, solteiro, aposentado, resid\u00eancia Rua Maria Madalena, cs 1, 220, Vila dos Sonhos, Juiz de Fora-MG; e PRISCILA CRISTINA CRIS\u00d3STOMO PEIXOTO, solteira, operadora de caixa, resid\u00eancia Rua Maria Madalena, cs 1, 220, Vila dos Sonhos, Juiz de Fora-MG<\/p>\n<p>02 &#8211; ALDENIR DE SOUZA, solteiro, Frentista, resid\u00eancia Rua Nestor de Almeida Assis, 62, Retiro, Juiz de Fora-MG; e LUANA POLICARPO DE SOUZA, solteira, Manicure, resid\u00eancia Rua Nestor de Almeida Assis, 62, Retiro, Juiz de Fora-MG<\/p>\n<p>03 &#8211; ANDERSON NASARIO TEIXEIRA, solteiro, motorista, resid\u00eancia Rua Geraldo Martins Costa, 240, Vila dos Sonhos, Juiz de Fora-MG; e ANA PAULA FURTADO DAMI\u00c3O, solteira, manicure, resid\u00eancia Rua Geraldo Martins Costa, 240, Vila dos Sonhos, Juiz de Fora-MG<\/p>\n<p>04 &#8211; AUGUSTO C\u00c9SAR DE MELO ALMEIDA, solteiro, m\u00e9dico, resid\u00eancia Rua It\u00e1lia Cautiero Franco, 477, Granville, Juiz de Fora-MG; e PATR\u00cdCIA FERREIRA DELGADO, solteira, m\u00e9dica, resid\u00eancia Rua It\u00e1lia Cautiero Franco, 477, Granville, Juiz de Fora-MG<\/p>\n<p>05 &#8211; CARLOS EDUARDO DA SILVA GOMES, divorciado, comerci\u00e1rio, resid\u00eancia Rua Aleixo Martins Neto, 767, Marumbi, Juiz de Fora-MG; e ELIS\u00c2NGELA VIEIRA DE FARIA, divorciada, confeiteira, resid\u00eancia Rua Aleixo Martins Neto, 767, Marumbi, Juiz de Fora-MG<\/p>\n<p>06 &#8211; DIRCINEI ANTONIO PEREIRA DE MAGALH\u00c3ES, solteiro, porteiro, resid\u00eancia Rua Olga Burnier, 140 casa 203 A, 140, Costa Carvalho, Juiz de Fora-MG; e JOV\u00c2NIA DOS SANTOS, solteira, servi\u00e7os gerais, resid\u00eancia Rua Olga Burnier, 140 casa 203 A, 140, Costa Carvalho, Juiz de Fora-MG<\/p>\n<p>07 &#8211; DOUGLAS LUIZ KIRCHMAIER, solteiro, Bombeiro Militar, resid\u00eancia Rua Irm\u00e3o Menrado,306\/101, Borboleta, Juiz de Fora-MG; e SUELLEN APARECIDA DE MOURA, solteira, Esteticista, resid\u00eancia Rua Braz Xavier Bastos Jr,26, Borboleta, Juiz de Fora-MG<\/p>\n<p>08 &#8211; GUSTAVO MENDES FERNANDES, solteiro, sem profiss\u00e3o, resid\u00eancia Rua Maria Perp\u00e9tua, 340, 340, Ladeira, Juiz de Fora-MG; e KARLA ANDRADE GUALBERTO DE OLIVEIRA, solteira, operadora de caixa, resid\u00eancia Rua Maria Perp\u00e9tua, 340, 340, Ladeira, Juiz de Fora-MG<\/p>\n<p>09 &#8211; GUSTAVO NASCIMENTO DE PAULA SANTIAGO, solteiro, garagista, resid\u00eancia Rua Capit\u00e3o Bicalho 838, 838, Nossa Senhora Aparecida, Juiz de Fora-MG; e SAMANTHA CRISTINA SANTOS MORENO, solteira, Atendente, resid\u00eancia Rua Capit\u00e3o Bicalho 838, 838, Nossa Senhora Aparecida, Juiz de Fora-MG<\/p>\n<p>10 &#8211; JOANA D\u00b4ARC ROSA DE LIMA, solteira, artes\u00e3, resid\u00eancia Rua Santana,77, Santa Terezinha, Juiz de Fora-MG; e MARIA ANTONIA DE PAULA ROSA PEREIRA, vi\u00fava, Artes\u00e3, resid\u00eancia Rua Santana,77, Santa Terezinha, Juiz de Fora-MG<\/p>\n<p>11 &#8211; JOS\u00c9 RICARDO MARTINS LOUREIRO, solteiro, Contador, resid\u00eancia Rua Comendador Pereira Silva, 17\/201, 17, Bairu, Juiz de Fora-MG; e ARIANY SILV\u00c9RIO DOS SANTOS, solteira, professora, resid\u00eancia Rua Ottoni de Campos Alvim, 38, 38, Milho Branco, Juiz de Fora-MG<\/p>\n<p>12 &#8211; LEANDRO DE CASTRO FARIA, solteiro, Policial Militar, resid\u00eancia Rua Arthur Lucas da Silva, 53, Santo Ant\u00f4nio, Juiz de Fora-MG; e CAMILLY TOSTES PINTO DA SILVA, solteira, Engenheira Civil, resid\u00eancia Rua Arthur Lucas da Silva, 53, Santo Ant\u00f4nio, Juiz de Fora-MG<\/p>\n<p>13 &#8211; LEONARDO STIGERT FERNANDES DE PAIVA, solteiro, Frentista, resid\u00eancia Rua Heitor Guimar\u00e3es,71, Vitorino Braga, Juiz de Fora-MG; e CAMILA SOUZA MELO, solteira, Representante de Atendimento, resid\u00eancia Rua Azul,277, Milho Branco, Juiz de Fora-MG<\/p>\n<p>14 &#8211; LUIZ FILIPE ANDREZA PEREIRA DA SILVA, solteiro, sushiman, resid\u00eancia Rua Jos\u00e9 Henrique Masini, 205, S\u00e3o Pedro, Juiz de Fora-MG; e BEATRIZ ERCULANO DO AMARAL, solteira, estudante, resid\u00eancia Rua Jos\u00e9 Henrique Masini, 205, S\u00e3o Pedro, Juiz de Fora-MG<\/p>\n<p>15 &#8211; NELSON LUIZ DE SOUZA FILHO, divorciado, Seguran\u00e7a, resid\u00eancia Rua Manoel Porfirio Ferreira, 20, Nova Germ\u00e2nia, Juiz de Fora-MG; e RAQUEL ROSALINA GOMES, divorciada, Cabeleireira, resid\u00eancia Rua Manoel Porf\u00edrio Ferreira, 20, Nova Germania, Juiz de Fora-MG<\/p>\n<p>16 &#8211; PAULO VICTOR IZAEL GASPAR, solteiro, Operador de M\u00e1quina, resid\u00eancia Rua Porto Seguro, 06\/02, Santo Ant\u00f4nio, Juiz de Fora-MG; e ANA FLAVIA FERREIRA, solteira, Dom\u00e9stica, resid\u00eancia Rua Porto Seguro, 06\/02, Santo Ant\u00f4nio, Juiz de Fora-MG<\/p>\n<p>17 &#8211; ROBERTO LUIZ DE JESUS, vi\u00favo, servi\u00e7os gerais, resid\u00eancia Rua Professor Jo\u00e3o Lima, 120 casa 05, Santa Paula, Juiz de Fora-MG; e VERA LUCIA DOS SANTOS, solteira, aposentada, resid\u00eancia Rua Professor Jo\u00e3o Lima, 120 casa 05, Santa Paula, Juiz de Fora-MG<\/p>\n<p>18 &#8211; ROBSON AUGUSTO DA SILVA, divorciado, ouvidor, resid\u00eancia Rua das Seringueiras, 15, Amaz\u00f4nia, Juiz de Fora-MG; e ANNIELY MENDES RODRIGUES, solteira, secret\u00e1ria, resid\u00eancia Rua dos Palmares, 652, Monte Castelo, Juiz de Fora-MG<\/p>\n<p>19 &#8211; VALDEMIR DA SILVA FILHO, solteiro, PINTOR, resid\u00eancia Avenida Governador Valadares 1010, 1010, Manoel Hon\u00f3rio, Juiz de Fora-MG; e DANIELE DOS SANTOS, solteira, do lar, resid\u00eancia Av. Governandor Valadares, 1010, 1010, Manoel Hon\u00f3rio, Juiz de Fora-MG<\/p>\n<p>20 &#8211; V\u00cdTOR CARBONARO DO CARMO, solteiro, Vendedor, resid\u00eancia Rua Vitar Maria de Oliveira,588, Progresso, Juiz de Fora-MG; e POLIANA NERY CAMPOS, solteira, T\u00e9cnica em Enfermagem, resid\u00eancia Rua Vitar Maria de Oliveira,588, Progresso, Juiz de Fora-MG<\/p>\n<p>Os contraentes apresentaram os documentos exigidos pelo art.1525 do C\u00f3digo Civil Brasileiro. Se algu\u00e9m souber de algum impedimento, que os impe\u00e7am de se casar, que o fa\u00e7a na forma da Lei:<\/p>\n<p>Juiz de Fora , 04\/01\/2018<\/p>\n","protected":false},"excerpt":{"rendered":"<p>REP\u00daBLICA FEDERATIVA DO BRASILESTADO DE MINAS GERAIS Cart\u00f3rio de Registro Civil do 2\u00ba Subdistrito de Juiz de Fora &#8211; MGOficial Titular: Carlos Jos\u00e9 Ribeiro de Castro Rua Bar\u00e3o de Cataguases, 15 Centro36015-370 &#8211; Juiz de Fora &#8211; MG Faz saber que pretendem casar-se: 01 &#8211; AGILDO DE CASTRO E SILVA, solteiro, aposentado, resid\u00eancia Rua Maria [&hellip;]<\/p>\n","protected":false},"author":96,"featured_media":0,"comment_status":"closed","ping_status":"closed","sticky":false,"template":"","format":"standard","meta":{"footnotes":""},"categories":[307],"tags":[],"class_list":["post-88715","post","type-post","status-publish","format-standard","hentry","category-editais"],"_links":{"self":[{"href":"https:\/\/diarioregionaldigital.com.br\/index.php?rest_route=\/wp\/v2\/posts\/88715","targetHints":{"allow":["GET"]}}],"collection":[{"href":"https:\/\/diarioregionaldigital.com.br\/index.php?rest_route=\/wp\/v2\/posts"}],"about":[{"href":"https:\/\/diarioregionaldigital.com.br\/index.php?rest_route=\/wp\/v2\/types\/post"}],"author":[{"embeddable":true,"href":"https:\/\/diarioregionaldigital.com.br\/index.php?rest_route=\/wp\/v2\/users\/96"}],"replies":[{"embeddable":true,"href":"https:\/\/diarioregionaldigital.com.br\/index.php?rest_route=%2Fwp%2Fv2%2Fcomments&post=88715"}],"version-history":[{"count":0,"href":"https:\/\/diarioregionaldigital.com.br\/index.php?rest_route=\/wp\/v2\/posts\/88715\/revisions"}],"wp:attachment":[{"href":"https:\/\/diarioregionaldigital.com.br\/index.php?rest_route=%2Fwp%2Fv2%2Fmedia&parent=88715"}],"wp:term":[{"taxonomy":"category","embeddable":true,"href":"https:\/\/diarioregionaldigital.com.br\/index.php?rest_route=%2Fwp%2Fv2%2Fcategories&post=88715"},{"taxonomy":"post_tag","embeddable":true,"href":"https:\/\/diarioregionaldigital.com.br\/index.php?rest_route=%2Fwp%2Fv2%2Ftags&post=88715"}],"curies":[{"name":"wp","href":"https:\/\/api.w.org\/{rel}","templated":true}]}}