{"id":88714,"date":"2018-01-04T14:30:41","date_gmt":"2018-01-04T16:30:41","guid":{"rendered":"http:\/\/diarioregionaljf.com.br\/2018\/01\/04\/cartorio-cobucci\/"},"modified":"2018-08-13T20:34:37","modified_gmt":"2018-08-13T23:34:37","slug":"cartorio-cobucci","status":"publish","type":"post","link":"https:\/\/diarioregionaldigital.com.br\/?p=88714","title":{"rendered":"CARTORIO COBUCCI"},"content":{"rendered":"<p style=\"text-align: center;\">REP\u00daBLICA FEDERATIVA DO BRASIL<br \/>ESTADO DE MINAS GERAIS<\/p>\n<p style=\"text-align: center;\">REGISTRO CIVIL DAS PESSOAS NATURAIS, INTERDI\u00c7\u00d5ES E TUTELAS<br \/>1\u00ba SUBDISTRITO<\/p>\n<p style=\"text-align: center;\">Oficial Titular: JOS\u00c9 THADEU MACHADO COBUCCI<\/p>\n<p style=\"text-align: center;\">Av. Pres. Itamar Franco, 1.522 Centro<br \/>36016-320 &#8211; Juiz de Fora \u2013 MG<\/p>\n<p>Faz saber que pretendem casar-se:<\/p>\n<p>01 &#8211; EMERSON BITENCOURT TRESSA, maior, militar, resid\u00eancia Rua S\u00e3o Mateus, 678\/402, S\u00e3o Mateus, Juiz de Fora-MG e DANIELLY ALBERTO E SOUZA, maior, dentista, resid\u00eancia Rua S\u00e3o Mateus, 678\/402, S\u00e3o Mateus, Juiz de Fora-MG<\/p>\n<p>02 &#8211; VALDIR SILVA DE ARA\u00daJO, nascido em 25 de abril de 2000, auxiliar de pintor, resid\u00eancia Rua Helena Petrovna Blavatsky, 112, Solidariedade, Juiz de Fora-MG e FLAVIANA CRISTINA GOMES, maior, ajudante de cozinha, resid\u00eancia Rua Engenheiro Paulo Corr\u00eaa Castro, 250, Linhares, Juiz de Fora-MG<\/p>\n<p>03 &#8211; ARTUR CORR\u00caA DE ALMEIDA, maior, policial militar, resid\u00eancia Rua Maria Amelia, 82,, Santa Cecilia, Juiz de Fora-MG e THAMIRES DAVID MARTES, maior, cirurgi\u00e3 dentista, resid\u00eancia Rua Professora Concei\u00e7\u00e3o Xavier, 26,, Teixeiras, Juiz de Fora-MG<\/p>\n<p>04 &#8211; WELLINGTON NOGUEIRA SEVERINO, maior, a\u00e7ougueiro, resid\u00eancia Rua Ministro Amarilho Lopes Salgado, 135\/402, Cascatinha, Juiz de Fora-MG e TAINARA DE C\u00c1SSIA CANDIDO DANIEL, maior, atendente de telemarketing, resid\u00eancia Rua Ministro Amarilho Lopes Salgado, 135\/402, Cascatinha, Juiz de Fora-MG<\/p>\n<p>05 &#8211; JOS\u00c9 AVELINO DE SOUZA J\u00daNIOR, maior, fisioterapeuta, resid\u00eancia Travessa Nossa Senhora do Amparo, 70\/302,, S\u00e3o Mateus, Juiz de Fora-MG e BYANCA HASTERS FARIA, maior, t\u00e9cnica de enfermagem, resid\u00eancia Travessa Nossa Senhora do Amparo, 70\/302,, S\u00e3o Mateus, Juiz de Fora-MG<\/p>\n<p>06 &#8211; ANDRIEL LUCAS DO CARMO SODR\u00c9, maior, montador, resid\u00eancia Rua Maria da Concei\u00e7\u00e3o Atalaia, 120, Graminha, Juiz de Fora-MG e ROSANA CRISTINA DA GAMA, maior, dom\u00e9stica, resid\u00eancia Rua Maria da Concei\u00e7\u00e3o Atalaia, 120, Graminha, Juiz de Fora-MG<\/p>\n<p>07 &#8211; MARCELO BEATO DE SOUZA, maior, montador de m\u00f3veis, resid\u00eancia Rua Margarida da Costa, 317,, Santa Luzia, Juiz de Fora-MG e DANIZETE MARA PEREIRA, maior, operadora de caixa, resid\u00eancia Rua Dr. Augusto Botelho Junqueira, 32,, Olavo Costa, Juiz de Fora-MG<\/p>\n<p>08 &#8211; THIAGO DE PAULA SALVADOR, maior, empres\u00e1rio, resid\u00eancia Rua Rei Alberto, 62\/1503,, Centro, Juiz de Fora-MG e L\u00cdGIA DE SOUZA JUNQUEIRA, maior, servidora p\u00fablica, resid\u00eancia Rua Morais e Castro, 396\/1001, Alto dos Passos, Juiz de Fora-MG<\/p>\n<p>09 &#8211; BRUNO PEREIRA BARBOSA, maior, militar, resid\u00eancia Rua Doutor Tarboux, 49\/205, Granbery, Juiz de Fora-MG e M\u00c1RCIA DE SOUSA RAMOS, maior, economi\u00e1ria, resid\u00eancia Rua Doutor Tarboux, 49\/205, Granbery, Juiz de Fora-MG<\/p>\n<p>10 &#8211; ALEX ALMEIDA OLIVEIRA, maior, professor, resid\u00eancia Rua Fernando Lobo, 155\/301, Centro, Juiz de Fora-MG e EDN\u00c9A RODRIGUES DE OLIVEIRA, maior, do lar, resid\u00eancia Rua Fernando Lobo, 155\/301, Centro, Juiz de Fora-MG<\/p>\n<p>11 &#8211; DIEGO DE SOUZA TERROR, maior, auxiliar administrativo, resid\u00eancia Rua Tom Fagundes, 15\/101,, Cascatinha, Juiz de Fora-MG e ALANA MARQUES HONORATO LOPES DA SILVA, maior, atendente de neg\u00f3cios, resid\u00eancia Rua Delfim Moreira, 295\/503,, Granbery, Juiz de Fora-MG<\/p>\n<p>12 &#8211; GUILHERME FERNANDES ARANTES, maior, m\u00fasico, resid\u00eancia Rua Mira\u00ed,161, Dom Bosco, Juiz de Fora-MG e LAYLA CRISTINA DE OLIVEIRA PEREIRA, maior, auxiliar administrativo, resid\u00eancia Rua Mira\u00ed,161, Dom Bosco, Juiz de Fora-MG<\/p>\n<p>Os contraentes apresentaram os documentos exigidos pelo art.1525 do C\u00f3digo Civil Brasileiro. Se algu\u00e9m souber de algum impedimento, que os impe\u00e7am de se casar, que o fa\u00e7a na forma da Lei.<\/p>\n<p>Juiz de Fora, 03\/01\/2018<\/p>\n<p>JOS\u00c9 THADEU MACHADO COBUCCI<br \/>Oficial do Registro Civil<br \/>Cartosoft &#8211; Automa\u00e7\u00e3o de Cart\u00f3rios do Registro Civil www.cartosoft.com.br<\/p>\n","protected":false},"excerpt":{"rendered":"<p>REP\u00daBLICA FEDERATIVA DO BRASILESTADO DE MINAS GERAIS REGISTRO CIVIL DAS PESSOAS NATURAIS, INTERDI\u00c7\u00d5ES E TUTELAS1\u00ba SUBDISTRITO Oficial Titular: JOS\u00c9 THADEU MACHADO COBUCCI Av. Pres. Itamar Franco, 1.522 Centro36016-320 &#8211; Juiz de Fora \u2013 MG Faz saber que pretendem casar-se: 01 &#8211; EMERSON BITENCOURT TRESSA, maior, militar, resid\u00eancia Rua S\u00e3o Mateus, 678\/402, S\u00e3o Mateus, Juiz de [&hellip;]<\/p>\n","protected":false},"author":96,"featured_media":0,"comment_status":"closed","ping_status":"closed","sticky":false,"template":"","format":"standard","meta":{"footnotes":""},"categories":[307],"tags":[],"class_list":["post-88714","post","type-post","status-publish","format-standard","hentry","category-editais"],"_links":{"self":[{"href":"https:\/\/diarioregionaldigital.com.br\/index.php?rest_route=\/wp\/v2\/posts\/88714","targetHints":{"allow":["GET"]}}],"collection":[{"href":"https:\/\/diarioregionaldigital.com.br\/index.php?rest_route=\/wp\/v2\/posts"}],"about":[{"href":"https:\/\/diarioregionaldigital.com.br\/index.php?rest_route=\/wp\/v2\/types\/post"}],"author":[{"embeddable":true,"href":"https:\/\/diarioregionaldigital.com.br\/index.php?rest_route=\/wp\/v2\/users\/96"}],"replies":[{"embeddable":true,"href":"https:\/\/diarioregionaldigital.com.br\/index.php?rest_route=%2Fwp%2Fv2%2Fcomments&post=88714"}],"version-history":[{"count":0,"href":"https:\/\/diarioregionaldigital.com.br\/index.php?rest_route=\/wp\/v2\/posts\/88714\/revisions"}],"wp:attachment":[{"href":"https:\/\/diarioregionaldigital.com.br\/index.php?rest_route=%2Fwp%2Fv2%2Fmedia&parent=88714"}],"wp:term":[{"taxonomy":"category","embeddable":true,"href":"https:\/\/diarioregionaldigital.com.br\/index.php?rest_route=%2Fwp%2Fv2%2Fcategories&post=88714"},{"taxonomy":"post_tag","embeddable":true,"href":"https:\/\/diarioregionaldigital.com.br\/index.php?rest_route=%2Fwp%2Fv2%2Ftags&post=88714"}],"curies":[{"name":"wp","href":"https:\/\/api.w.org\/{rel}","templated":true}]}}