{"id":88713,"date":"2018-01-04T14:29:59","date_gmt":"2018-01-04T16:29:59","guid":{"rendered":"http:\/\/diarioregionaljf.com.br\/2018\/01\/04\/cartorio-benfica\/"},"modified":"2018-08-13T20:34:37","modified_gmt":"2018-08-13T23:34:37","slug":"cartorio-benfica","status":"publish","type":"post","link":"https:\/\/diarioregionaldigital.com.br\/?p=88713","title":{"rendered":"CART\u00d3RIO BENFICA"},"content":{"rendered":"<p style=\"text-align: center;\">REP\u00daBLICA FEDERATIVA DO BRASIL<br \/>ESTADO DE MINAS GERAIS<\/p>\n<p style=\"text-align: center;\">Cart\u00f3rio de Registro Civil 3\u00ba Subdistrito &#8211; Juiz de Fora MG<br \/>Oficial Titular: Mariana Sad Albuquerque e Castro<\/p>\n<p style=\"text-align: center;\">Rua Tom\u00e9 de Souza, 49 &#8211; Lj 03 Benfica<br \/>36090270 &#8211; Juiz de Fora &#8211; MG<\/p>\n<p>Faz saber que pretendem casar-se:<\/p>\n<p>01 &#8211; ALEX AMBROZIO, resid\u00eancia Avenida Eudoxio Infante Vieira, n\u00ba1600 cs 02, 1600, Barreira do Triunfo, Juiz de Fora-MG; e ZARA DE ALMEIDA CIPRIANO, resid\u00eancia Avenida Eudoxio Infante Vieira, n\u00ba1600 cs 02, 1600, Barreira do Triunfo, Juiz de Fora-MG<\/p>\n<p>02 &#8211; ANDR\u00c9 LUIZ HAGLER DE GOUVEA, resid\u00eancia Rua Os\u00f3rio Campos, 30, Nova Era, Juiz de Fora-MG; e GISELLE FERNANDES SIQUEIRA, resid\u00eancia Rua Os\u00f3rio Campos, 30, Nova Era, Juiz de Fora-MG<\/p>\n<p>03 &#8211; DIONIS HILDO SILVA GERMANO, resid\u00eancia Rua F, n\u00ba13, 13, Igrejinha, Juiz de Fora-MG; e MIRI\u00c3 CARLA DA SILVA, resid\u00eancia Rua Sinval Ladeira Neves, n\u00ba42, 42, S\u00e3o Judas Tadeu, Juiz de Fora-MG<\/p>\n<p>04 &#8211; GABRIEL DIAS DE OLIVEIRA, resid\u00eancia Rua Justino Gomes Monteiro, n\u00ba26, 26, Santa Cruz, Juiz de Fora-MG; e L\u00cdDIA DINIZ SILVA, resid\u00eancia Rua Jo\u00e3o Pereira da Silva, \u00ba160, 160, Santa Cruz, Juiz de Fora-MG<\/p>\n<p>05 &#8211; JOS\u00c9 DANIEL DE PAULA NEVES, resid\u00eancia Rua Nilo Pe\u00e7anha, n\u00ba37, casa 02, 37, Santa Cruz, Juiz de Fora-MG; e TA\u00cdS GUEDES MORAES, resid\u00eancia Rua Nilo Pe\u00e7anha, n\u00ba37, casa 02,, Santa Cruz, Juiz de Fora-MG<\/p>\n<p>06 &#8211; JOS\u00c9 DE ALMEIDA SILVA J\u00daNIOR, resid\u00eancia Rua Jacob Valerio, n\u00ba321 cs 02, 321, Santa Cruz, Juiz de Fora-MG; e GEICE MANOELA RODRIGUES DOS SANTOS, resid\u00eancia Rua Sabino Tortura, n\u00ba164, 164, S\u00e3o Judas Tadeu, Juiz de Fora-MG<\/p>\n<p>07 &#8211; JOS\u00c9 RICARDO SANTOS, resid\u00eancia Rua Jo\u00e3o Louren\u00e7o Marcelino, 63\/501, Benfica, Juiz de Fora-MG; e ALEXANDRA RICARDO DOS SANTOS, resid\u00eancia Rua Jo\u00e3o Louren\u00e7o Marcelino, 63\/501, Benfica, Juiz de Fora-MG<\/p>\n<p>08 &#8211; MARCELO HENRIQUE DE OLIVEIRA, resid\u00eancia Rua Afonso Garcia, n\u00ba530 apto 101, 101, Benfica, Juiz de Fora-MG; e KEILA FRANCISCA DOS SANTOS, resid\u00eancia Rua Afonso Garcia, n\u00ba530 apto 101, 530, Benfica, Juiz de Fora-MG<\/p>\n<p>09 &#8211; MARCELO MENDES DE PAIVA, resid\u00eancia Rua Gustavo Capanema, 125\/104, Cidade do Sol, Juiz de Fora-MG; e KENY SILVA FREIRE, resid\u00eancia Rua Gustavo Capanema, 125\/104, Cidade do Sol, Juiz de Fora-MG<\/p>\n<p>10 &#8211; RHUAN F\u00c9LIX MOREIRA RIBEIRO, resid\u00eancia Rua Sebastiana Rosa Freitas, 75\/102, 75, J\u00f3quei Clube II, Juiz de Fora-MG; e KEILA GOMES DE SOUZA, resid\u00eancia Rua Sebastiana Rosa Freitas, 75\/102, J\u00f3quei Clube II, Juiz de Fora-MG<\/p>\n<p>11 &#8211; VANEI DOS SANTOS ANDRADE, resid\u00eancia Rua Joaquim Manoel de Souza, n\u00ba37, 37, Nova Benfica, Juiz de Fora-MG; e ELISANGELA MARTINS, resid\u00eancia Rua Joaquim Manoel de Souza, n\u00ba37, 37, Nova Benfica, Juiz de Fora-MG<\/p>\n<p>12 &#8211; VINICIUS ARA\u00daJO DOS SANTOS, resid\u00eancia Rua Franklin de Paula Marques, n\u00ba210\/330, 210, Cidade do Sol, Juiz de Fora-MG; e MARIANA TEIXEIRA ALVES, resid\u00eancia Rua Negr\u00e3o de Lima, n\u00ba81\/202, 81, Cidade do Sol, Juiz de Fora-MG<\/p>\n<p>13 &#8211; WELITON JUNHO VIEIRA, resid\u00eancia Rua da Esta\u00e7\u00e3o, n\u00ba39, 39, Igrejinha, Juiz de Fora-MG; e EMANUELLI LOPES PEREIRA, resid\u00eancia Rua da Esta\u00e7\u00e3o, n\u00ba39, 39, Igrejinha, Juiz de Fora-MG<\/p>\n<p>14 &#8211; YURI ROBERTO APARECIDO, resid\u00eancia Rua Sebastiana Rosa Freitas, bloco 50 apto 303, Joquei Clube II, Juiz de Fora-MG; e LUANA ROCHA DE OLIVEIRA, resid\u00eancia Rua Sebastiana Rosa Freitas, bloco 50 apto 303, 50, Joquei Clube II, Juiz de Fora-MG<\/p>\n<p>Os contraentes apresentaram os documentos exigidos pelo art.1525 do C\u00f3digo Civil Brasileiro. Se algu\u00e9m souber de algum impedimento, que os impe\u00e7am de se casar, que o fa\u00e7a na forma da Lei:<\/p>\n<p>Juiz de Fora, 03\/01\/2018<\/p>\n<p>MARIANA SAD ALBUQUERQUE E CASTRO<br \/>Oficial do Registro Civil<br \/>Cartosoft &#8211; Automa\u00e7\u00e3o de Cart\u00f3rios do Registro Civil www.cartosoft.com.br<\/p>\n","protected":false},"excerpt":{"rendered":"<p>REP\u00daBLICA FEDERATIVA DO BRASILESTADO DE MINAS GERAIS Cart\u00f3rio de Registro Civil 3\u00ba Subdistrito &#8211; Juiz de Fora MGOficial Titular: Mariana Sad Albuquerque e Castro Rua Tom\u00e9 de Souza, 49 &#8211; Lj 03 Benfica36090270 &#8211; Juiz de Fora &#8211; MG Faz saber que pretendem casar-se: 01 &#8211; ALEX AMBROZIO, resid\u00eancia Avenida Eudoxio Infante Vieira, n\u00ba1600 cs [&hellip;]<\/p>\n","protected":false},"author":96,"featured_media":0,"comment_status":"closed","ping_status":"closed","sticky":false,"template":"","format":"standard","meta":{"footnotes":""},"categories":[307],"tags":[],"class_list":["post-88713","post","type-post","status-publish","format-standard","hentry","category-editais"],"_links":{"self":[{"href":"https:\/\/diarioregionaldigital.com.br\/index.php?rest_route=\/wp\/v2\/posts\/88713","targetHints":{"allow":["GET"]}}],"collection":[{"href":"https:\/\/diarioregionaldigital.com.br\/index.php?rest_route=\/wp\/v2\/posts"}],"about":[{"href":"https:\/\/diarioregionaldigital.com.br\/index.php?rest_route=\/wp\/v2\/types\/post"}],"author":[{"embeddable":true,"href":"https:\/\/diarioregionaldigital.com.br\/index.php?rest_route=\/wp\/v2\/users\/96"}],"replies":[{"embeddable":true,"href":"https:\/\/diarioregionaldigital.com.br\/index.php?rest_route=%2Fwp%2Fv2%2Fcomments&post=88713"}],"version-history":[{"count":0,"href":"https:\/\/diarioregionaldigital.com.br\/index.php?rest_route=\/wp\/v2\/posts\/88713\/revisions"}],"wp:attachment":[{"href":"https:\/\/diarioregionaldigital.com.br\/index.php?rest_route=%2Fwp%2Fv2%2Fmedia&parent=88713"}],"wp:term":[{"taxonomy":"category","embeddable":true,"href":"https:\/\/diarioregionaldigital.com.br\/index.php?rest_route=%2Fwp%2Fv2%2Fcategories&post=88713"},{"taxonomy":"post_tag","embeddable":true,"href":"https:\/\/diarioregionaldigital.com.br\/index.php?rest_route=%2Fwp%2Fv2%2Ftags&post=88713"}],"curies":[{"name":"wp","href":"https:\/\/api.w.org\/{rel}","templated":true}]}}