{"id":88712,"date":"2018-01-04T14:17:53","date_gmt":"2018-01-04T16:17:53","guid":{"rendered":"http:\/\/diarioregionaljf.com.br\/2018\/01\/04\/homem-e-preso-apos-jogar-pedras-contra-janela-de-pelotao-da-pm-em-recreio\/"},"modified":"2018-01-04T14:17:53","modified_gmt":"2018-01-04T16:17:53","slug":"homem-e-preso-apos-jogar-pedras-contra-janela-de-pelotao-da-pm-em-recreio","status":"publish","type":"post","link":"https:\/\/diarioregionaldigital.com.br\/?p=88712","title":{"rendered":"Homem \u00e9 preso ap\u00f3s jogar pedras contra janela de Pelot\u00e3o da PM em Recreio"},"content":{"rendered":"<p>Um homem de 55 anos foi preso na madrugada desta quinta-feira, 4, ap\u00f3s jogar pedras contra a janela do Pelot\u00e3o da Pol\u00edcia Militar, localizada na Rua Prefeito Jos\u00e9 Ant\u00f4nio, Centro de Recreio.<\/p>\n<p>Segundo a PM, o autor foi contido pelos militares Cabo Wassaley e Soldado Gandra ap\u00f3s jogar tr\u00eas pedras na janela da Unidade da Pol\u00edcia Militar daquela cidade. Ap\u00f3s ser preso em flagrante pelo crime de dano ao patrim\u00f4nio p\u00fablico, o homem se apresentou como usu\u00e1rio de drogas e, sem sucesso em se libertar do v\u00edcio, informou que necessitava ser preso.<\/p>\n<p>Ele foi conduzido para a Delegacia Regional de Pol\u00edcia Civil em Leopoldina onde teve a pris\u00e3o ratificada pelo Delegado de plant\u00e3o.<\/p>\n<hr \/>\n<p>&nbsp;Fonte: O Vigilante Online<\/p>\n","protected":false},"excerpt":{"rendered":"<p>Um homem de 55 anos foi preso na madrugada desta quinta-feira, 4, ap\u00f3s jogar pedras contra a janela do Pelot\u00e3o da Pol\u00edcia Militar, localizada na Rua Prefeito Jos\u00e9 Ant\u00f4nio, Centro de Recreio. Segundo a PM, o autor foi contido pelos militares Cabo Wassaley e Soldado Gandra ap\u00f3s jogar tr\u00eas pedras na janela da Unidade da [&hellip;]<\/p>\n","protected":false},"author":96,"featured_media":88711,"comment_status":"closed","ping_status":"closed","sticky":false,"template":"","format":"standard","meta":{"footnotes":""},"categories":[252],"tags":[],"class_list":["post-88712","post","type-post","status-publish","format-standard","has-post-thumbnail","hentry","category-regiao"],"_links":{"self":[{"href":"https:\/\/diarioregionaldigital.com.br\/index.php?rest_route=\/wp\/v2\/posts\/88712","targetHints":{"allow":["GET"]}}],"collection":[{"href":"https:\/\/diarioregionaldigital.com.br\/index.php?rest_route=\/wp\/v2\/posts"}],"about":[{"href":"https:\/\/diarioregionaldigital.com.br\/index.php?rest_route=\/wp\/v2\/types\/post"}],"author":[{"embeddable":true,"href":"https:\/\/diarioregionaldigital.com.br\/index.php?rest_route=\/wp\/v2\/users\/96"}],"replies":[{"embeddable":true,"href":"https:\/\/diarioregionaldigital.com.br\/index.php?rest_route=%2Fwp%2Fv2%2Fcomments&post=88712"}],"version-history":[{"count":0,"href":"https:\/\/diarioregionaldigital.com.br\/index.php?rest_route=\/wp\/v2\/posts\/88712\/revisions"}],"wp:featuredmedia":[{"embeddable":true,"href":"https:\/\/diarioregionaldigital.com.br\/index.php?rest_route=\/wp\/v2\/media\/88711"}],"wp:attachment":[{"href":"https:\/\/diarioregionaldigital.com.br\/index.php?rest_route=%2Fwp%2Fv2%2Fmedia&parent=88712"}],"wp:term":[{"taxonomy":"category","embeddable":true,"href":"https:\/\/diarioregionaldigital.com.br\/index.php?rest_route=%2Fwp%2Fv2%2Fcategories&post=88712"},{"taxonomy":"post_tag","embeddable":true,"href":"https:\/\/diarioregionaldigital.com.br\/index.php?rest_route=%2Fwp%2Fv2%2Ftags&post=88712"}],"curies":[{"name":"wp","href":"https:\/\/api.w.org\/{rel}","templated":true}]}}