{"id":88710,"date":"2018-01-04T14:14:54","date_gmt":"2018-01-04T16:14:54","guid":{"rendered":"http:\/\/diarioregionaljf.com.br\/2018\/01\/04\/homem-e-morto-a-tiros-e-suspeitos-sao-presos-pela-pm-de-leopoldina\/"},"modified":"2018-01-04T14:14:54","modified_gmt":"2018-01-04T16:14:54","slug":"homem-e-morto-a-tiros-e-suspeitos-sao-presos-pela-pm-de-leopoldina","status":"publish","type":"post","link":"https:\/\/diarioregionaldigital.com.br\/?p=88710","title":{"rendered":"Homem \u00e9 morto a tiros e suspeitos s\u00e3o presos pela PM de Leopoldina"},"content":{"rendered":"<p>Um homem de 37 anos foi assassinado e um rapaz, de 22, ficou ferido ap\u00f3s tr\u00eas indiv\u00edduos armados entrarem em uma resid\u00eancia localizada no Bairro Popular, em Leopoldina, na madrugada desta quinta-feira, 4. A Pol\u00edcia Militar prendeu um homem e apreendeu um menor, suspeitos de terem cometido o crime. Ambos possuem passagens pela pol\u00edcia. A motiva\u00e7\u00e3o do crime ainda n\u00e3o foi confirmada e dever\u00e1 ser apurada pela Pol\u00edcia.<\/p>\n<p>O crime aconteceu na casa do jovem de 22 anos que, de acordo com a Pol\u00edcia Militar, estaria bebendo com Giovani Gon\u00e7alves de Oliveira, v\u00edtima do homic\u00eddio, que foi atingido aparentemente por 3 tiros de arma de fogo, um deles na cabe\u00e7a, quando os criminosos chegaram e dispararam contra os dois, fugindo em seguida em um ve\u00edculo Peugeot de cor vermelha, conforme relato aos militares que registraram a ocorr\u00eancia. O jovem levou um tiro de rasp\u00e3o e conseguiu correr pelos fundos das casas e se esconder, sendo socorrido pelo Servi\u00e7o de Atendimento M\u00f3vel de Urg\u00eancia (SAMU) e encaminhado ao Pronto-Socorro Municipal de Leopoldina.<\/p>\n<p>A Per\u00edcia T\u00e9cnica da Pol\u00edcia Civil foi acionada e o perito Rafael Cunha realizou os trabalhos periciais, liberando o corpo da v\u00edtima para a Funer\u00e1ria.<\/p>\n<p>Uma opera\u00e7\u00e3o da PM durante toda a madrugada de hoje resultou na pris\u00e3o dos suspeitos. Um jovem de 24 anos foi localizado no Bairro Popular e a um menor, de 17 anos, foi apreendido escondido no quintal de sua casa no Bairro S\u00e3o Crist\u00f3v\u00e3o. O terceiro suspeito n\u00e3o foi localizado assim como as armas usadas no crime. A v\u00edtima com ferimento de rasp\u00e3o na cabe\u00e7a est\u00e1 hospitalizada e na presen\u00e7a do Delegado de plant\u00e3o Dr. Edgar e do Investigador da PCMG, Lucas Werneck, reconheceu os dois suspeitos presos.<\/p>\n<p>Todos foram levados para a Delegacia Regional de Pol\u00edcia Civil de Leopoldina para as demais provid\u00eancias. O Conselho Tutelar foi acionado e acompanha o caso.<\/p>\n<hr \/>\n<p>&nbsp;Fonte: O Vigilante Online <\/p>\n","protected":false},"excerpt":{"rendered":"<p>Um homem de 37 anos foi assassinado e um rapaz, de 22, ficou ferido ap\u00f3s tr\u00eas indiv\u00edduos armados entrarem em uma resid\u00eancia localizada no Bairro Popular, em Leopoldina, na madrugada desta quinta-feira, 4. A Pol\u00edcia Militar prendeu um homem e apreendeu um menor, suspeitos de terem cometido o crime. Ambos possuem passagens pela pol\u00edcia. A [&hellip;]<\/p>\n","protected":false},"author":96,"featured_media":88709,"comment_status":"closed","ping_status":"closed","sticky":false,"template":"","format":"standard","meta":{"footnotes":""},"categories":[252],"tags":[],"class_list":["post-88710","post","type-post","status-publish","format-standard","has-post-thumbnail","hentry","category-regiao"],"_links":{"self":[{"href":"https:\/\/diarioregionaldigital.com.br\/index.php?rest_route=\/wp\/v2\/posts\/88710","targetHints":{"allow":["GET"]}}],"collection":[{"href":"https:\/\/diarioregionaldigital.com.br\/index.php?rest_route=\/wp\/v2\/posts"}],"about":[{"href":"https:\/\/diarioregionaldigital.com.br\/index.php?rest_route=\/wp\/v2\/types\/post"}],"author":[{"embeddable":true,"href":"https:\/\/diarioregionaldigital.com.br\/index.php?rest_route=\/wp\/v2\/users\/96"}],"replies":[{"embeddable":true,"href":"https:\/\/diarioregionaldigital.com.br\/index.php?rest_route=%2Fwp%2Fv2%2Fcomments&post=88710"}],"version-history":[{"count":0,"href":"https:\/\/diarioregionaldigital.com.br\/index.php?rest_route=\/wp\/v2\/posts\/88710\/revisions"}],"wp:featuredmedia":[{"embeddable":true,"href":"https:\/\/diarioregionaldigital.com.br\/index.php?rest_route=\/wp\/v2\/media\/88709"}],"wp:attachment":[{"href":"https:\/\/diarioregionaldigital.com.br\/index.php?rest_route=%2Fwp%2Fv2%2Fmedia&parent=88710"}],"wp:term":[{"taxonomy":"category","embeddable":true,"href":"https:\/\/diarioregionaldigital.com.br\/index.php?rest_route=%2Fwp%2Fv2%2Fcategories&post=88710"},{"taxonomy":"post_tag","embeddable":true,"href":"https:\/\/diarioregionaldigital.com.br\/index.php?rest_route=%2Fwp%2Fv2%2Ftags&post=88710"}],"curies":[{"name":"wp","href":"https:\/\/api.w.org\/{rel}","templated":true}]}}