{"id":88706,"date":"2018-01-04T14:01:56","date_gmt":"2018-01-04T16:01:56","guid":{"rendered":"http:\/\/diarioregionaljf.com.br\/2018\/01\/04\/familia-morre-em-acidente-proximo-a-carandai\/"},"modified":"2018-01-04T14:01:56","modified_gmt":"2018-01-04T16:01:56","slug":"familia-morre-em-acidente-proximo-a-carandai","status":"publish","type":"post","link":"https:\/\/diarioregionaldigital.com.br\/?p=88706","title":{"rendered":"Fam\u00edlia morre em acidente pr\u00f3ximo a Caranda\u00ed"},"content":{"rendered":"<p>Um casal e o filho morreram no acidente, quando o carro em que a fam\u00edlia estava, um ve\u00edculo modelo Fox, licenciado em Belo Horizonte, bateu em uma carreta.<\/p>\n<p>De acordo com a Pol\u00edcia Rodovi\u00e1ria Federal de Congonhas, o ve\u00edculo seguia no sentido Belo Horizonte, quando perdeu o controle na curva conhecida como \u201cCurva do Japon\u00eas\u201d ap\u00f3s uma reta, invadiu a contram\u00e3o e bateu de frente com a carreta, que seguia no sentido Rio de Janeiro. Chovia na hora do acidente.<\/p>\n<p><strong>V\u00edtimas<\/strong><\/p>\n<p>Os tr\u00eas ocupantes do Fox morreram no local do acidente: o motorista 31 anos, a esposa dele, 30 anos e o filho do casal, 10 anos. Familiares disseram que eles estavam retornando de Angra dos Reis (RJ) para Belo Horizonte, em viagem junto com outros parentes que estavam em outros dois ve\u00edculos e reconheceram as v\u00edtimas logo ap\u00f3s o acidente.<\/p>\n<p>O motorista da carreta, que viajava sozinho, n\u00e3o se feriu.<\/p>\n<p><img loading=\"lazy\" decoding=\"async\" class=\" size-full wp-image-88704\" src=\"http:\/\/diarioregionaljf.com.br\/wp-content\/uploads\/2018\/01\/diario-int-22701-1.jpg\" alt=\"acidentecarandai.jpg\" width=\"680\" height=\"450\" srcset=\"https:\/\/diarioregionaldigital.com.br\/wp-content\/uploads\/2018\/01\/diario-int-22701-1.jpg 680w, https:\/\/diarioregionaldigital.com.br\/wp-content\/uploads\/2018\/01\/diario-int-22701-1-300x199.jpg 300w, https:\/\/diarioregionaldigital.com.br\/wp-content\/uploads\/2018\/01\/diario-int-22701-1-360x238.jpg 360w\" sizes=\"auto, (max-width: 680px) 100vw, 680px\" \/><\/p>\n<p><strong>Outro acidente<\/strong><\/p>\n<p>O acidente de ontem ocorreu em local pr\u00f3ximo de onde, em novembro de 2017 ocorreu outra trag\u00e9dia, quando uma carreta ao fazer uma curva invadiu a contram\u00e3o de dire\u00e7\u00e3o e colidiu num ve\u00edculo Dobl\u00f4 da Prefeitura de Tocantins (MG) causando a morte de quatro pessoas.<\/p>\n<p><img loading=\"lazy\" decoding=\"async\" class=\" size-full wp-image-88705\" src=\"http:\/\/diarioregionaljf.com.br\/wp-content\/uploads\/2018\/01\/diario-int-22701-2.jpg\" alt=\"acidentecarreta.jpg\" width=\"680\" height=\"450\" srcset=\"https:\/\/diarioregionaldigital.com.br\/wp-content\/uploads\/2018\/01\/diario-int-22701-2.jpg 680w, https:\/\/diarioregionaldigital.com.br\/wp-content\/uploads\/2018\/01\/diario-int-22701-2-300x199.jpg 300w, https:\/\/diarioregionaldigital.com.br\/wp-content\/uploads\/2018\/01\/diario-int-22701-2-360x238.jpg 360w\" sizes=\"auto, (max-width: 680px) 100vw, 680px\" \/><\/p>\n<hr \/>\n<p>&nbsp;Fonte: Caranda\u00ed Online<\/p>\n","protected":false},"excerpt":{"rendered":"<p>Um casal e o filho morreram no acidente, quando o carro em que a fam\u00edlia estava, um ve\u00edculo modelo Fox, licenciado em Belo Horizonte, bateu em uma carreta. De acordo com a Pol\u00edcia Rodovi\u00e1ria Federal de Congonhas, o ve\u00edculo seguia no sentido Belo Horizonte, quando perdeu o controle na curva conhecida como \u201cCurva do Japon\u00eas\u201d [&hellip;]<\/p>\n","protected":false},"author":96,"featured_media":88703,"comment_status":"closed","ping_status":"closed","sticky":false,"template":"","format":"standard","meta":{"footnotes":""},"categories":[252],"tags":[],"class_list":["post-88706","post","type-post","status-publish","format-standard","has-post-thumbnail","hentry","category-regiao"],"_links":{"self":[{"href":"https:\/\/diarioregionaldigital.com.br\/index.php?rest_route=\/wp\/v2\/posts\/88706","targetHints":{"allow":["GET"]}}],"collection":[{"href":"https:\/\/diarioregionaldigital.com.br\/index.php?rest_route=\/wp\/v2\/posts"}],"about":[{"href":"https:\/\/diarioregionaldigital.com.br\/index.php?rest_route=\/wp\/v2\/types\/post"}],"author":[{"embeddable":true,"href":"https:\/\/diarioregionaldigital.com.br\/index.php?rest_route=\/wp\/v2\/users\/96"}],"replies":[{"embeddable":true,"href":"https:\/\/diarioregionaldigital.com.br\/index.php?rest_route=%2Fwp%2Fv2%2Fcomments&post=88706"}],"version-history":[{"count":0,"href":"https:\/\/diarioregionaldigital.com.br\/index.php?rest_route=\/wp\/v2\/posts\/88706\/revisions"}],"wp:featuredmedia":[{"embeddable":true,"href":"https:\/\/diarioregionaldigital.com.br\/index.php?rest_route=\/wp\/v2\/media\/88703"}],"wp:attachment":[{"href":"https:\/\/diarioregionaldigital.com.br\/index.php?rest_route=%2Fwp%2Fv2%2Fmedia&parent=88706"}],"wp:term":[{"taxonomy":"category","embeddable":true,"href":"https:\/\/diarioregionaldigital.com.br\/index.php?rest_route=%2Fwp%2Fv2%2Fcategories&post=88706"},{"taxonomy":"post_tag","embeddable":true,"href":"https:\/\/diarioregionaldigital.com.br\/index.php?rest_route=%2Fwp%2Fv2%2Ftags&post=88706"}],"curies":[{"name":"wp","href":"https:\/\/api.w.org\/{rel}","templated":true}]}}