{"id":88702,"date":"2018-01-04T13:44:34","date_gmt":"2018-01-04T15:44:34","guid":{"rendered":"http:\/\/diarioregionaljf.com.br\/2018\/01\/04\/temer-faz-caminhada-e-diz-que-sua-saude-esta-recuperada\/"},"modified":"2018-01-04T13:44:34","modified_gmt":"2018-01-04T15:44:34","slug":"temer-faz-caminhada-e-diz-que-sua-saude-esta-recuperada","status":"publish","type":"post","link":"https:\/\/diarioregionaldigital.com.br\/?p=88702","title":{"rendered":"Temer faz caminhada e diz que sua sa\u00fade est\u00e1 recuperada"},"content":{"rendered":"<p>O presidente Michel Temer fez uma caminhada na manh\u00e3 desta quinta-feira, 4, no Pal\u00e1cio do Jaburu, resid\u00eancia oficial, em Bras\u00edlia. Ele disse que est\u00e1 \u201crecuperad\u00edssimo\u201d ao comentar sobre seu estado de sa\u00fade. A caminhada matinal foi registrada por fot\u00f3grafos e cinegrafistas que estavam perto da grade que cerca o Jaburu, \u00e0s margens do Lago Parano\u00e1.<\/p>\n<p>\u201cPerfeito, recuperad\u00edssimo, gra\u00e7as a Deus\u201d, disse Temer ao ser questionado por jornalistas sobre sua sa\u00fade. Sobre o hor\u00e1rio da caminhada, que ocorreu \u00e0s 8h20, ele comentou: \u201cDeus ajuda a quem cedo madruga\u201d. Acompanhado por dois seguran\u00e7as, Temer se exercitou de roupa de esportiva ao longo da pista de caminhada interna do pal\u00e1cio.<\/p>\n<p>&nbsp;<\/p>\n<h4>HIST\u00d3RICO<\/h4>\n<p>Recentemente, o presidente Temer retirou a sonda urin\u00e1ria que usou ap\u00f3s cirurgia realizada no dia 13 de dezembro para desobstruir a uretra. Em outubro, Temer j\u00e1 havia passado por um primeiro procedimento para desobstru\u00e7\u00e3o da uretra.<\/p>\n<p>No m\u00eas de novembro, ele fez ainda uma angioplastia para desobstruir tr\u00eas art\u00e9rias coron\u00e1rias e implantar stents.<\/p>\n<p>Ap\u00f3s um ritmo de trabalho intenso nas semanas que antecederam as festas de fim de ano, o presidente da Rep\u00fablica passou o Ano-Novo em Bras\u00edlia e despachou no Pal\u00e1cio do Jaburu na ter\u00e7a-feira, 2, primeiro dia de trabalho de 2018.<\/p>\n<p>Fonte: Ag\u00eancia Brasil<\/p>\n","protected":false},"excerpt":{"rendered":"<p>O presidente Michel Temer fez uma caminhada na manh\u00e3 desta quinta-feira, 4, no Pal\u00e1cio do Jaburu, resid\u00eancia oficial, em Bras\u00edlia. Ele disse que est\u00e1 \u201crecuperad\u00edssimo\u201d ao comentar sobre seu estado de sa\u00fade. A caminhada matinal foi registrada por fot\u00f3grafos e cinegrafistas que estavam perto da grade que cerca o Jaburu, \u00e0s margens do Lago Parano\u00e1. [&hellip;]<\/p>\n","protected":false},"author":96,"featured_media":88701,"comment_status":"closed","ping_status":"closed","sticky":false,"template":"","format":"standard","meta":{"footnotes":""},"categories":[254],"tags":[],"class_list":["post-88702","post","type-post","status-publish","format-standard","has-post-thumbnail","hentry","category-politica"],"_links":{"self":[{"href":"https:\/\/diarioregionaldigital.com.br\/index.php?rest_route=\/wp\/v2\/posts\/88702","targetHints":{"allow":["GET"]}}],"collection":[{"href":"https:\/\/diarioregionaldigital.com.br\/index.php?rest_route=\/wp\/v2\/posts"}],"about":[{"href":"https:\/\/diarioregionaldigital.com.br\/index.php?rest_route=\/wp\/v2\/types\/post"}],"author":[{"embeddable":true,"href":"https:\/\/diarioregionaldigital.com.br\/index.php?rest_route=\/wp\/v2\/users\/96"}],"replies":[{"embeddable":true,"href":"https:\/\/diarioregionaldigital.com.br\/index.php?rest_route=%2Fwp%2Fv2%2Fcomments&post=88702"}],"version-history":[{"count":0,"href":"https:\/\/diarioregionaldigital.com.br\/index.php?rest_route=\/wp\/v2\/posts\/88702\/revisions"}],"wp:featuredmedia":[{"embeddable":true,"href":"https:\/\/diarioregionaldigital.com.br\/index.php?rest_route=\/wp\/v2\/media\/88701"}],"wp:attachment":[{"href":"https:\/\/diarioregionaldigital.com.br\/index.php?rest_route=%2Fwp%2Fv2%2Fmedia&parent=88702"}],"wp:term":[{"taxonomy":"category","embeddable":true,"href":"https:\/\/diarioregionaldigital.com.br\/index.php?rest_route=%2Fwp%2Fv2%2Fcategories&post=88702"},{"taxonomy":"post_tag","embeddable":true,"href":"https:\/\/diarioregionaldigital.com.br\/index.php?rest_route=%2Fwp%2Fv2%2Ftags&post=88702"}],"curies":[{"name":"wp","href":"https:\/\/api.w.org\/{rel}","templated":true}]}}