{"id":88700,"date":"2018-01-04T13:39:44","date_gmt":"2018-01-04T15:39:44","guid":{"rendered":"http:\/\/diarioregionaljf.com.br\/2018\/01\/04\/imagens-retocadas-digitalmente-deverao-vir-com-aviso-ao-consumidor\/"},"modified":"2018-01-04T13:39:44","modified_gmt":"2018-01-04T15:39:44","slug":"imagens-retocadas-digitalmente-deverao-vir-com-aviso-ao-consumidor","status":"publish","type":"post","link":"https:\/\/diarioregionaldigital.com.br\/?p=88700","title":{"rendered":"Imagens retocadas digitalmente dever\u00e3o vir com aviso ao consumidor"},"content":{"rendered":"<p>Fotografias publicit\u00e1rias com retoques digitais em modelos dever\u00e3o vir com tarja informativa sobre as altera\u00e7\u00f5es gr\u00e1ficas. \u00c9 o que determina o Projeto de Lei do Senado (PLS) 439\/2017, que altera o C\u00f3digo de Defesa do Consumidor (Lei 8.078\/1990), obrigando marcas e publica\u00e7\u00f5es a apresentarem tarja com a frase \u201cfotografia retocada\u201d.<\/p>\n<p>A proposta est\u00e1 em an\u00e1lise na Comiss\u00e3o de Transpar\u00eancia, Governan\u00e7a, Fiscaliza\u00e7\u00e3o e Controle e Defesa do Consumidor (CTFC) e tem como relatora a senadora Ana Am\u00e9lia (PP-RS).<\/p>\n<p>O projeto, de autoria do senador Gladson Cameli (PP-AC), vale para todo tipo de altera\u00e7\u00e3o gr\u00e1fica em modelos, com exce\u00e7\u00e3o de retoques digitais de cabelos e de remo\u00e7\u00e3o de manchas na pele. De acordo com o senador, os retoques produzem \u201cimagens idealizadas que refletem um padr\u00e3o irreal e inating\u00edvel de beleza\u201d. Para Cameli, a proposta \u00e9 uma forma de amenizar o \u201cdano causado pela publicidade que reverencia o culto \u00e0 magreza excessiva\u201d.<\/p>\n<p>\u201cA busca incans\u00e1vel pelo corpo perfeito pode levar quem se espelha nesse tipo de publicidade a desenvolver diversos transtornos, como quadros de anorexia ou bulimia, sobretudo entre pessoas com baixa autoestima\u201d, argumentou o senador na justificativa do projeto.<\/p>\n<p>O autor da proposta considera a quest\u00e3o um problema de sa\u00fade p\u00fablica. Ele informou ainda que, na Fran\u00e7a, desde outubro, vigora uma lei que torna obrigat\u00f3rio estampar a informa\u00e7\u00e3o sobre os retoques em fotografias publicit\u00e1rias. Diferente da legisla\u00e7\u00e3o francesa, contudo, o PLS n\u00e3o prev\u00ea puni\u00e7\u00f5es para o descumprimento da medida. Na Fran\u00e7a, a falta da informa\u00e7\u00e3o sobre imagens editadas est\u00e1 sujeita a multa que pode chegar a at\u00e9 37 mil euros.<\/p>\n<p>Na CTFC, o projeto deve ser votado em car\u00e1ter terminativo: se aprovado e n\u00e3o receber recurso para delibera\u00e7\u00e3o em Plen\u00e1rio, seguir\u00e1 para a an\u00e1lise da C\u00e2mara dos Deputados. A proposta tamb\u00e9m est\u00e1 aberta \u00e0 consulta p\u00fablica por meio do <a href=\"https:\/\/www12.senado.leg.br\/ecidadania\/visualizacaomateria?id=131543\">portal e-Cidadania<\/a>.&nbsp;<\/p>\n<p>Fonte: Ag\u00eancia Senado<\/p>\n","protected":false},"excerpt":{"rendered":"<p>Fotografias publicit\u00e1rias com retoques digitais em modelos dever\u00e3o vir com tarja informativa sobre as altera\u00e7\u00f5es gr\u00e1ficas. \u00c9 o que determina o Projeto de Lei do Senado (PLS) 439\/2017, que altera o C\u00f3digo de Defesa do Consumidor (Lei 8.078\/1990), obrigando marcas e publica\u00e7\u00f5es a apresentarem tarja com a frase \u201cfotografia retocada\u201d. A proposta est\u00e1 em an\u00e1lise [&hellip;]<\/p>\n","protected":false},"author":96,"featured_media":88699,"comment_status":"closed","ping_status":"closed","sticky":false,"template":"","format":"standard","meta":{"footnotes":""},"categories":[254],"tags":[],"class_list":["post-88700","post","type-post","status-publish","format-standard","has-post-thumbnail","hentry","category-politica"],"_links":{"self":[{"href":"https:\/\/diarioregionaldigital.com.br\/index.php?rest_route=\/wp\/v2\/posts\/88700","targetHints":{"allow":["GET"]}}],"collection":[{"href":"https:\/\/diarioregionaldigital.com.br\/index.php?rest_route=\/wp\/v2\/posts"}],"about":[{"href":"https:\/\/diarioregionaldigital.com.br\/index.php?rest_route=\/wp\/v2\/types\/post"}],"author":[{"embeddable":true,"href":"https:\/\/diarioregionaldigital.com.br\/index.php?rest_route=\/wp\/v2\/users\/96"}],"replies":[{"embeddable":true,"href":"https:\/\/diarioregionaldigital.com.br\/index.php?rest_route=%2Fwp%2Fv2%2Fcomments&post=88700"}],"version-history":[{"count":0,"href":"https:\/\/diarioregionaldigital.com.br\/index.php?rest_route=\/wp\/v2\/posts\/88700\/revisions"}],"wp:featuredmedia":[{"embeddable":true,"href":"https:\/\/diarioregionaldigital.com.br\/index.php?rest_route=\/wp\/v2\/media\/88699"}],"wp:attachment":[{"href":"https:\/\/diarioregionaldigital.com.br\/index.php?rest_route=%2Fwp%2Fv2%2Fmedia&parent=88700"}],"wp:term":[{"taxonomy":"category","embeddable":true,"href":"https:\/\/diarioregionaldigital.com.br\/index.php?rest_route=%2Fwp%2Fv2%2Fcategories&post=88700"},{"taxonomy":"post_tag","embeddable":true,"href":"https:\/\/diarioregionaldigital.com.br\/index.php?rest_route=%2Fwp%2Fv2%2Ftags&post=88700"}],"curies":[{"name":"wp","href":"https:\/\/api.w.org\/{rel}","templated":true}]}}