{"id":88695,"date":"2018-01-04T13:33:46","date_gmt":"2018-01-04T15:33:46","guid":{"rendered":"http:\/\/diarioregionaljf.com.br\/2018\/01\/04\/proposta-preve-a-extincao-de-registros-de-empresa-em-ate-cinco-dias-uteis\/"},"modified":"2018-01-04T13:33:46","modified_gmt":"2018-01-04T15:33:46","slug":"proposta-preve-a-extincao-de-registros-de-empresa-em-ate-cinco-dias-uteis","status":"publish","type":"post","link":"https:\/\/diarioregionaldigital.com.br\/?p=88695","title":{"rendered":"Proposta prev\u00ea a extin\u00e7\u00e3o de registros de empresa em at\u00e9 cinco dias \u00fateis"},"content":{"rendered":"<p>A C\u00e2mara analisa proposta segundo a qual o processo de extin\u00e7\u00e3o dos registros de empresa em rede nacional integrada dever\u00e1 ser conclu\u00eddo em at\u00e9 cinco dias \u00fateis ap\u00f3s a baixa no \u00f3rg\u00e3o espec\u00edfico de registro. O texto (PL 8239\/17) \u00e9 de autoria do senador H\u00e9lio Jos\u00e9 (PMDB-DF).<\/p>\n<p>Durante a an\u00e1lise na Comiss\u00e3o de Assuntos Econ\u00f4micos do Senado, Valdir Raupp (PMDB-RO) apresentou um substitutivo. Conforme o texto aprovado, ap\u00f3s a baixa no \u00f3rg\u00e3o executor do Registro P\u00fablico de Empresas Mercantis e Atividades Afins ou do Registro Civil de Pessoas Jur\u00eddicas, dever\u00e3o ser extintos os registros em todos os \u00f3rg\u00e3os integrantes da Redesim, no prazo de cinco dias \u00fateis, sem necessidade de qualquer outra provid\u00eancia. A Redesim integra os \u00f3rg\u00e3os relacionados ao registro de empresas, em n\u00edvel federal, estadual e municipal.<\/p>\n<p>Segundo H\u00e9lio Jos\u00e9, a proposta complementa os dispositivos do Supersimples que facilitaram a abertura de empresas. Ele argumenta que a dificuldade para abertura e fechamento de empresas constitui um entrave para o setor produtivo e lembra que o empreendedor n\u00e3o pode abrir uma nova empresa enquanto aguarda o fechamento da anterior.<\/p>\n<p>&nbsp;<\/p>\n<p><span style=\"font-size: 18px; font-weight: bold; line-height: 1.1;\">TRAMITA\u00c7\u00c3O<\/span><\/p>\n<p><span style=\"font-size: 18px; font-weight: bold; line-height: 1.1;\"><\/span>A proposta tramita em car\u00e1ter conclusivo e ser\u00e1 analisada pelas comiss\u00f5es de Desenvolvimento Econ\u00f4mico, Ind\u00fastria, Com\u00e9rcio e Servi\u00e7os; e de Constitui\u00e7\u00e3o e Justi\u00e7a e de Cidadania.<\/p>\n<p>Fonte: Ag\u00eancia Brasil<\/p>\n","protected":false},"excerpt":{"rendered":"<p>A C\u00e2mara analisa proposta segundo a qual o processo de extin\u00e7\u00e3o dos registros de empresa em rede nacional integrada dever\u00e1 ser conclu\u00eddo em at\u00e9 cinco dias \u00fateis ap\u00f3s a baixa no \u00f3rg\u00e3o espec\u00edfico de registro. O texto (PL 8239\/17) \u00e9 de autoria do senador H\u00e9lio Jos\u00e9 (PMDB-DF). Durante a an\u00e1lise na Comiss\u00e3o de Assuntos Econ\u00f4micos [&hellip;]<\/p>\n","protected":false},"author":96,"featured_media":88694,"comment_status":"closed","ping_status":"closed","sticky":false,"template":"","format":"standard","meta":{"footnotes":""},"categories":[254],"tags":[],"class_list":["post-88695","post","type-post","status-publish","format-standard","has-post-thumbnail","hentry","category-politica"],"_links":{"self":[{"href":"https:\/\/diarioregionaldigital.com.br\/index.php?rest_route=\/wp\/v2\/posts\/88695","targetHints":{"allow":["GET"]}}],"collection":[{"href":"https:\/\/diarioregionaldigital.com.br\/index.php?rest_route=\/wp\/v2\/posts"}],"about":[{"href":"https:\/\/diarioregionaldigital.com.br\/index.php?rest_route=\/wp\/v2\/types\/post"}],"author":[{"embeddable":true,"href":"https:\/\/diarioregionaldigital.com.br\/index.php?rest_route=\/wp\/v2\/users\/96"}],"replies":[{"embeddable":true,"href":"https:\/\/diarioregionaldigital.com.br\/index.php?rest_route=%2Fwp%2Fv2%2Fcomments&post=88695"}],"version-history":[{"count":0,"href":"https:\/\/diarioregionaldigital.com.br\/index.php?rest_route=\/wp\/v2\/posts\/88695\/revisions"}],"wp:featuredmedia":[{"embeddable":true,"href":"https:\/\/diarioregionaldigital.com.br\/index.php?rest_route=\/wp\/v2\/media\/88694"}],"wp:attachment":[{"href":"https:\/\/diarioregionaldigital.com.br\/index.php?rest_route=%2Fwp%2Fv2%2Fmedia&parent=88695"}],"wp:term":[{"taxonomy":"category","embeddable":true,"href":"https:\/\/diarioregionaldigital.com.br\/index.php?rest_route=%2Fwp%2Fv2%2Fcategories&post=88695"},{"taxonomy":"post_tag","embeddable":true,"href":"https:\/\/diarioregionaldigital.com.br\/index.php?rest_route=%2Fwp%2Fv2%2Ftags&post=88695"}],"curies":[{"name":"wp","href":"https:\/\/api.w.org\/{rel}","templated":true}]}}