{"id":88693,"date":"2018-01-04T13:28:51","date_gmt":"2018-01-04T15:28:51","guid":{"rendered":"http:\/\/diarioregionaljf.com.br\/2018\/01\/04\/profissionais-de-creches-poderao-ser-obrigados-a-fazer-exame-psicologico-periodico\/"},"modified":"2018-01-04T13:28:51","modified_gmt":"2018-01-04T15:28:51","slug":"profissionais-de-creches-poderao-ser-obrigados-a-fazer-exame-psicologico-periodico","status":"publish","type":"post","link":"https:\/\/diarioregionaldigital.com.br\/?p=88693","title":{"rendered":"Profissionais de creches poder\u00e3o ser obrigados a fazer exame psicol\u00f3gico peri\u00f3dico"},"content":{"rendered":"<p>Est\u00e1 em an\u00e1lise na Comiss\u00e3o de Direitos Humanos e Legisla\u00e7\u00e3o Participativa (CDH) o projeto que obriga os profissionais de creches e institui\u00e7\u00f5es de educa\u00e7\u00e3o infantil a se submeterem a exame psicol\u00f3gico peri\u00f3dico (PLS 392\/2017). A medida vai alcan\u00e7ar institui\u00e7\u00f5es p\u00fablicas e privadas em todo o pa\u00eds.<\/p>\n<p>O autor do projeto, senador Fernando Bezerra Coelho (PMDB-PE), lembra que \u00e9 importante haver algum tipo de monitoramento peri\u00f3dico desses profissionais. Uma solu\u00e7\u00e3o adequada, argumenta, seria que tais profissionais apresentassem periodicamente \u00e0 dire\u00e7\u00e3o da creche um atestado \u201cque demonstre o necess\u00e1rio equil\u00edbrio psicol\u00f3gico para trabalhar nesses locais\u201d.<\/p>\n<p>De acordo com o senador, a medida pode contribuir para aumentar a seguran\u00e7a de todos nesses ambientes, sobretudo para as crian\u00e7as. Bezerra Coelho ressalta que se trata de uma medida preventiva de seguran\u00e7a e, portanto, superior a qualquer medida repressiva. Ele acrescenta que o custo \u00e9 relativamente reduzido e a efic\u00e1cia \u00e9 satisfat\u00f3ria, considerando que monitoramentos dessa natureza j\u00e1 ocorrem em algumas profiss\u00f5es.<\/p>\n<p>Quest\u00f5es como formato do exame, periodicidade de sua realiza\u00e7\u00e3o, credenciamento dos profissionais, crit\u00e9rios a serem utilizados, categorias profissionais que estar\u00e3o sujeitas ao exame, entre outros pontos t\u00e9cnicos, ser\u00e3o tratadas em regulamento posterior. Na CDH, o projeto est\u00e1 sob a relatoria da senadora Gleisi Hoffmann (PT-PR).<\/p>\n<p>&nbsp;<\/p>\n<h4>JANA\u00daBA<\/h4>\n<p>O senador Fernando Bezerra Coelho aponta como motiva\u00e7\u00e3o para o projeto a trag\u00e9dia ocorrida em Jana\u00faba (MG), em outubro do ano passado. Na ocasi\u00e3o, um vigilante provocou um inc\u00eandio na creche em que trabalhava, causando a morte de 13 pessoas, sendo nove crian\u00e7as. Dezenas de outras pessoas ficaram feridas.<\/p>\n<p>O autor lembra que a trag\u00e9dia causou perplexidade e luto em todo o pa\u00eds. Ele diz, no entanto, que o epis\u00f3dio \u201cdeve levar-nos a a\u00e7\u00e3o, para que n\u00e3o se repita mais\u201d. Da\u00ed, a import\u00e2ncia de dar aten\u00e7\u00e3o aos profissionais que lidam diariamente com crian\u00e7as em creches e institui\u00e7\u00f5es de ensino infantil.<\/p>\n<p>Fonte: Ag\u00eancia Senado<\/p>\n","protected":false},"excerpt":{"rendered":"<p>Est\u00e1 em an\u00e1lise na Comiss\u00e3o de Direitos Humanos e Legisla\u00e7\u00e3o Participativa (CDH) o projeto que obriga os profissionais de creches e institui\u00e7\u00f5es de educa\u00e7\u00e3o infantil a se submeterem a exame psicol\u00f3gico peri\u00f3dico (PLS 392\/2017). A medida vai alcan\u00e7ar institui\u00e7\u00f5es p\u00fablicas e privadas em todo o pa\u00eds. O autor do projeto, senador Fernando Bezerra Coelho (PMDB-PE), [&hellip;]<\/p>\n","protected":false},"author":96,"featured_media":88692,"comment_status":"closed","ping_status":"closed","sticky":false,"template":"","format":"standard","meta":{"footnotes":""},"categories":[254],"tags":[],"class_list":["post-88693","post","type-post","status-publish","format-standard","has-post-thumbnail","hentry","category-politica"],"_links":{"self":[{"href":"https:\/\/diarioregionaldigital.com.br\/index.php?rest_route=\/wp\/v2\/posts\/88693","targetHints":{"allow":["GET"]}}],"collection":[{"href":"https:\/\/diarioregionaldigital.com.br\/index.php?rest_route=\/wp\/v2\/posts"}],"about":[{"href":"https:\/\/diarioregionaldigital.com.br\/index.php?rest_route=\/wp\/v2\/types\/post"}],"author":[{"embeddable":true,"href":"https:\/\/diarioregionaldigital.com.br\/index.php?rest_route=\/wp\/v2\/users\/96"}],"replies":[{"embeddable":true,"href":"https:\/\/diarioregionaldigital.com.br\/index.php?rest_route=%2Fwp%2Fv2%2Fcomments&post=88693"}],"version-history":[{"count":0,"href":"https:\/\/diarioregionaldigital.com.br\/index.php?rest_route=\/wp\/v2\/posts\/88693\/revisions"}],"wp:featuredmedia":[{"embeddable":true,"href":"https:\/\/diarioregionaldigital.com.br\/index.php?rest_route=\/wp\/v2\/media\/88692"}],"wp:attachment":[{"href":"https:\/\/diarioregionaldigital.com.br\/index.php?rest_route=%2Fwp%2Fv2%2Fmedia&parent=88693"}],"wp:term":[{"taxonomy":"category","embeddable":true,"href":"https:\/\/diarioregionaldigital.com.br\/index.php?rest_route=%2Fwp%2Fv2%2Fcategories&post=88693"},{"taxonomy":"post_tag","embeddable":true,"href":"https:\/\/diarioregionaldigital.com.br\/index.php?rest_route=%2Fwp%2Fv2%2Ftags&post=88693"}],"curies":[{"name":"wp","href":"https:\/\/api.w.org\/{rel}","templated":true}]}}