{"id":88691,"date":"2018-01-04T13:26:54","date_gmt":"2018-01-04T15:26:54","guid":{"rendered":"http:\/\/diarioregionaljf.com.br\/2018\/01\/04\/governo-do-rj-quitara-96-dos-salarios-de-novembro-na-proxima-segunda\/"},"modified":"2018-01-04T13:26:54","modified_gmt":"2018-01-04T15:26:54","slug":"governo-do-rj-quitara-96-dos-salarios-de-novembro-na-proxima-segunda","status":"publish","type":"post","link":"https:\/\/diarioregionaldigital.com.br\/?p=88691","title":{"rendered":"Governo do RJ quitar\u00e1 96% dos sal\u00e1rios de novembro na pr\u00f3xima segunda"},"content":{"rendered":"<p>O governo do estado Rio de Janeiro informou que pagar\u00e1 mais uma parte do sal\u00e1rio pendente de novembro na pr\u00f3xima segunda-feira, 8, completando 96% de regulariza\u00e7\u00e3o. Devem receber os servidores que possuem vencimento l\u00edquido de at\u00e9 R$6.244. De acordo com a Secretaria de Estado de Fazenda (Sefaz), est\u00e3o nessa situa\u00e7\u00e3o 55.136 servidores ativos, inativos e pensionistas. Ao todo, os dep\u00f3sitos somar\u00e3o cerca de R$200 milh\u00f5es.<\/p>\n<p>Os pagamentos ser\u00e3o efetuados ao longo de todo o dia, mesmo ap\u00f3s o t\u00e9rmino do expediente banc\u00e1rio. No dia 28 de dezembro, j\u00e1 havia sido quitado o sal\u00e1rio de quem ganhava at\u00e9 R$2.805. Na ocasi\u00e3o, o governo informou que o sal\u00e1rio de novembro estava 84% regularizado. Com os novos dep\u00f3sitos previstos para a segunda-feira, ainda ficar\u00e3o pendentes os sal\u00e1rios de 15.927 servidores, que totalizam aproximadamente R$169,8 milh\u00f5es. De acordo com a Sefaz, ser\u00e1 anunciada posteriormente a data para regulariza\u00e7\u00e3o dos sal\u00e1rios deste grupo.<\/p>\n<p>O atraso dos sal\u00e1rios foi uma constante na vida dos servidores do estado em 2017. Na semana passada, durante solenidade de entrega de cinco caminh\u00f5es ao Corpo de Bombeiros, o governador Luiz Fernando Pez\u00e3o pediu desculpas pela situa\u00e7\u00e3o, mas garantiu que os pagamentos voltar\u00e3o a ser regulares. &#8220;Eu tenho certeza que, no ano de 2018, o servidor vai ter uma vida com mais seguran\u00e7a, sabendo o dia que ele vai receber&#8221;.<\/p>\n<hr \/>\n<p>&nbsp;Fonte: Ag\u00eancia Brasil<\/p>\n","protected":false},"excerpt":{"rendered":"<p>O governo do estado Rio de Janeiro informou que pagar\u00e1 mais uma parte do sal\u00e1rio pendente de novembro na pr\u00f3xima segunda-feira, 8, completando 96% de regulariza\u00e7\u00e3o. Devem receber os servidores que possuem vencimento l\u00edquido de at\u00e9 R$6.244. De acordo com a Secretaria de Estado de Fazenda (Sefaz), est\u00e3o nessa situa\u00e7\u00e3o 55.136 servidores ativos, inativos e [&hellip;]<\/p>\n","protected":false},"author":96,"featured_media":88690,"comment_status":"closed","ping_status":"closed","sticky":false,"template":"","format":"standard","meta":{"footnotes":""},"categories":[261],"tags":[],"class_list":["post-88691","post","type-post","status-publish","format-standard","has-post-thumbnail","hentry","category-economia"],"_links":{"self":[{"href":"https:\/\/diarioregionaldigital.com.br\/index.php?rest_route=\/wp\/v2\/posts\/88691","targetHints":{"allow":["GET"]}}],"collection":[{"href":"https:\/\/diarioregionaldigital.com.br\/index.php?rest_route=\/wp\/v2\/posts"}],"about":[{"href":"https:\/\/diarioregionaldigital.com.br\/index.php?rest_route=\/wp\/v2\/types\/post"}],"author":[{"embeddable":true,"href":"https:\/\/diarioregionaldigital.com.br\/index.php?rest_route=\/wp\/v2\/users\/96"}],"replies":[{"embeddable":true,"href":"https:\/\/diarioregionaldigital.com.br\/index.php?rest_route=%2Fwp%2Fv2%2Fcomments&post=88691"}],"version-history":[{"count":0,"href":"https:\/\/diarioregionaldigital.com.br\/index.php?rest_route=\/wp\/v2\/posts\/88691\/revisions"}],"wp:featuredmedia":[{"embeddable":true,"href":"https:\/\/diarioregionaldigital.com.br\/index.php?rest_route=\/wp\/v2\/media\/88690"}],"wp:attachment":[{"href":"https:\/\/diarioregionaldigital.com.br\/index.php?rest_route=%2Fwp%2Fv2%2Fmedia&parent=88691"}],"wp:term":[{"taxonomy":"category","embeddable":true,"href":"https:\/\/diarioregionaldigital.com.br\/index.php?rest_route=%2Fwp%2Fv2%2Fcategories&post=88691"},{"taxonomy":"post_tag","embeddable":true,"href":"https:\/\/diarioregionaldigital.com.br\/index.php?rest_route=%2Fwp%2Fv2%2Ftags&post=88691"}],"curies":[{"name":"wp","href":"https:\/\/api.w.org\/{rel}","templated":true}]}}