{"id":88689,"date":"2018-01-04T13:21:40","date_gmt":"2018-01-04T15:21:40","guid":{"rendered":"http:\/\/diarioregionaljf.com.br\/2018\/01\/04\/precos-da-gasolina-e-do-diesel-diminuem-hoje-nas-refinarias\/"},"modified":"2018-01-04T13:21:40","modified_gmt":"2018-01-04T15:21:40","slug":"precos-da-gasolina-e-do-diesel-diminuem-hoje-nas-refinarias","status":"publish","type":"post","link":"https:\/\/diarioregionaldigital.com.br\/?p=88689","title":{"rendered":"Pre\u00e7os da gasolina e do diesel diminuem hoje nas refinarias"},"content":{"rendered":"<p>Os pre\u00e7os da gasolina e do diesel &#8211; comercializados nas refinarias &#8211; recuaram nesta quinta-feira, 4, 1,4% e 1,9% respectivamente, de acordo com informa\u00e7\u00e3o da Petrobras. Ontem, 3, a gasolina havia diminu\u00eddo 0,1% e o diesel aumentado 0,6%.<\/p>\n<p>Para esta sexta-feira, 5, a Petrobras anunciou tamb\u00e9m nova varia\u00e7\u00e3o nos pre\u00e7os: a gasolina ter\u00e1 uma redu\u00e7\u00e3o de 0,9% e o diesel subir\u00e1 1,2%. As varia\u00e7\u00f5es de pre\u00e7o fazem parte de reajustes frequentes praticados pela Petrobras, \u201cem busca de converg\u00eancia no curto prazo com a paridade do mercado internacional\u201d, segundo a estatal.<\/p>\n<p>O pre\u00e7o final ao consumidor, nas bombas, depender\u00e1 de cada empresa revendedora e dos pr\u00f3prios postos de combust\u00edveis. O hist\u00f3rico das \u00faltimas varia\u00e7\u00f5es praticadas pela Petrobras est\u00e1 dispon\u00edvel na p\u00e1gina da estatal na internet.<\/p>\n<hr \/>\n<p>&nbsp;Fonte: Ag\u00eancia Brasil<\/p>\n","protected":false},"excerpt":{"rendered":"<p>Os pre\u00e7os da gasolina e do diesel &#8211; comercializados nas refinarias &#8211; recuaram nesta quinta-feira, 4, 1,4% e 1,9% respectivamente, de acordo com informa\u00e7\u00e3o da Petrobras. Ontem, 3, a gasolina havia diminu\u00eddo 0,1% e o diesel aumentado 0,6%. Para esta sexta-feira, 5, a Petrobras anunciou tamb\u00e9m nova varia\u00e7\u00e3o nos pre\u00e7os: a gasolina ter\u00e1 uma redu\u00e7\u00e3o [&hellip;]<\/p>\n","protected":false},"author":96,"featured_media":88688,"comment_status":"closed","ping_status":"closed","sticky":false,"template":"","format":"standard","meta":{"footnotes":""},"categories":[261],"tags":[],"class_list":["post-88689","post","type-post","status-publish","format-standard","has-post-thumbnail","hentry","category-economia"],"_links":{"self":[{"href":"https:\/\/diarioregionaldigital.com.br\/index.php?rest_route=\/wp\/v2\/posts\/88689","targetHints":{"allow":["GET"]}}],"collection":[{"href":"https:\/\/diarioregionaldigital.com.br\/index.php?rest_route=\/wp\/v2\/posts"}],"about":[{"href":"https:\/\/diarioregionaldigital.com.br\/index.php?rest_route=\/wp\/v2\/types\/post"}],"author":[{"embeddable":true,"href":"https:\/\/diarioregionaldigital.com.br\/index.php?rest_route=\/wp\/v2\/users\/96"}],"replies":[{"embeddable":true,"href":"https:\/\/diarioregionaldigital.com.br\/index.php?rest_route=%2Fwp%2Fv2%2Fcomments&post=88689"}],"version-history":[{"count":0,"href":"https:\/\/diarioregionaldigital.com.br\/index.php?rest_route=\/wp\/v2\/posts\/88689\/revisions"}],"wp:featuredmedia":[{"embeddable":true,"href":"https:\/\/diarioregionaldigital.com.br\/index.php?rest_route=\/wp\/v2\/media\/88688"}],"wp:attachment":[{"href":"https:\/\/diarioregionaldigital.com.br\/index.php?rest_route=%2Fwp%2Fv2%2Fmedia&parent=88689"}],"wp:term":[{"taxonomy":"category","embeddable":true,"href":"https:\/\/diarioregionaldigital.com.br\/index.php?rest_route=%2Fwp%2Fv2%2Fcategories&post=88689"},{"taxonomy":"post_tag","embeddable":true,"href":"https:\/\/diarioregionaldigital.com.br\/index.php?rest_route=%2Fwp%2Fv2%2Ftags&post=88689"}],"curies":[{"name":"wp","href":"https:\/\/api.w.org\/{rel}","templated":true}]}}