{"id":88685,"date":"2018-01-04T13:19:25","date_gmt":"2018-01-04T15:19:25","guid":{"rendered":"http:\/\/diarioregionaljf.com.br\/2018\/01\/04\/inflacao-de-produtos-na-saida-das-fabricas-e-de-1-47\/"},"modified":"2018-01-04T13:19:25","modified_gmt":"2018-01-04T15:19:25","slug":"inflacao-de-produtos-na-saida-das-fabricas-e-de-1-47","status":"publish","type":"post","link":"https:\/\/diarioregionaldigital.com.br\/?p=88685","title":{"rendered":"Infla\u00e7\u00e3o de produtos na sa\u00edda das f\u00e1bricas \u00e9 de 1,47%"},"content":{"rendered":"<p>O \u00cdndice de Pre\u00e7os ao Produtor (IPP) \u2013 que mede a varia\u00e7\u00e3o de pre\u00e7os dos produtos na sa\u00edda das f\u00e1bricas \u2013 registrou infla\u00e7\u00e3o de 1,47% em novembro de 2017. A taxa ficou abaixo do 1,80% de outubro, mas acima do 0,80% de novembro de 2016. O dado foi divulgado nesta quinta, feira, 4, no Rio de Janeiro, pelo Instituto Brasileiro de Geografia e Estat\u00edstica (IBGE).<\/p>\n<p>O IPP acumula 3,73% nos 11 primeiros meses de 2017 e 5,07% em 12 meses, de acordo com o IBGE.<\/p>\n<p>Entre as grandes categorias econ\u00f4micas, os principais respons\u00e1veis pela infla\u00e7\u00e3o de novembro foram os bens intermedi\u00e1rios, ou seja, os insumos industriais para o setor produtivo (1,88%) e os bens de capital, isto \u00e9, as m\u00e1quinas e equipamentos (1,42%).<\/p>\n<p>Os bens de consumo semi e n\u00e3o dur\u00e1veis tiveram infla\u00e7\u00e3o de 0,89% em novembro, enquanto os bens de consumo dur\u00e1veis foram os que registraram menor taxa no m\u00eas (0,13%).<\/p>\n<p>Das 24 atividades industriais pesquisadas, 20 tiveram infla\u00e7\u00e3o em seus produtos em novembro, com destaque para os derivados de petr\u00f3leo e biocombust\u00edveis (5,91%), metalurgia (3,08%), outros qu\u00edmicos (2,63%) e outros transportes (1,80%).<\/p>\n<p>Quatro atividades tiveram defla\u00e7\u00e3o (queda de pre\u00e7os), com destaque para as ind\u00fastrias extrativas (-3,20%) e para a ind\u00fastria farmac\u00eautica (-0,82%).<\/p>\n<hr \/>\n<p>&nbsp;Fonte: Ag\u00eancia Brasil<\/p>\n","protected":false},"excerpt":{"rendered":"<p>O \u00cdndice de Pre\u00e7os ao Produtor (IPP) \u2013 que mede a varia\u00e7\u00e3o de pre\u00e7os dos produtos na sa\u00edda das f\u00e1bricas \u2013 registrou infla\u00e7\u00e3o de 1,47% em novembro de 2017. A taxa ficou abaixo do 1,80% de outubro, mas acima do 0,80% de novembro de 2016. O dado foi divulgado nesta quinta, feira, 4, no Rio [&hellip;]<\/p>\n","protected":false},"author":96,"featured_media":88684,"comment_status":"closed","ping_status":"closed","sticky":false,"template":"","format":"standard","meta":{"footnotes":""},"categories":[261],"tags":[],"class_list":["post-88685","post","type-post","status-publish","format-standard","has-post-thumbnail","hentry","category-economia"],"_links":{"self":[{"href":"https:\/\/diarioregionaldigital.com.br\/index.php?rest_route=\/wp\/v2\/posts\/88685","targetHints":{"allow":["GET"]}}],"collection":[{"href":"https:\/\/diarioregionaldigital.com.br\/index.php?rest_route=\/wp\/v2\/posts"}],"about":[{"href":"https:\/\/diarioregionaldigital.com.br\/index.php?rest_route=\/wp\/v2\/types\/post"}],"author":[{"embeddable":true,"href":"https:\/\/diarioregionaldigital.com.br\/index.php?rest_route=\/wp\/v2\/users\/96"}],"replies":[{"embeddable":true,"href":"https:\/\/diarioregionaldigital.com.br\/index.php?rest_route=%2Fwp%2Fv2%2Fcomments&post=88685"}],"version-history":[{"count":0,"href":"https:\/\/diarioregionaldigital.com.br\/index.php?rest_route=\/wp\/v2\/posts\/88685\/revisions"}],"wp:featuredmedia":[{"embeddable":true,"href":"https:\/\/diarioregionaldigital.com.br\/index.php?rest_route=\/wp\/v2\/media\/88684"}],"wp:attachment":[{"href":"https:\/\/diarioregionaldigital.com.br\/index.php?rest_route=%2Fwp%2Fv2%2Fmedia&parent=88685"}],"wp:term":[{"taxonomy":"category","embeddable":true,"href":"https:\/\/diarioregionaldigital.com.br\/index.php?rest_route=%2Fwp%2Fv2%2Fcategories&post=88685"},{"taxonomy":"post_tag","embeddable":true,"href":"https:\/\/diarioregionaldigital.com.br\/index.php?rest_route=%2Fwp%2Fv2%2Ftags&post=88685"}],"curies":[{"name":"wp","href":"https:\/\/api.w.org\/{rel}","templated":true}]}}