{"id":88683,"date":"2018-01-04T13:17:12","date_gmt":"2018-01-04T15:17:12","guid":{"rendered":"http:\/\/diarioregionaljf.com.br\/2018\/01\/04\/jovem-e-ameacado-com-objeto-pontiagudo-durante-assalto-no-alto-dos-passos\/"},"modified":"2018-01-04T13:17:12","modified_gmt":"2018-01-04T15:17:12","slug":"jovem-e-ameacado-com-objeto-pontiagudo-durante-assalto-no-alto-dos-passos","status":"publish","type":"post","link":"https:\/\/diarioregionaldigital.com.br\/?p=88683","title":{"rendered":"Jovem \u00e9 amea\u00e7ado com objeto pontiagudo durante assalto no Alto dos Passos"},"content":{"rendered":"<p>Um jovem de 17 anos foi amea\u00e7ado e assaltado na noite desta quarta-feira, 3, no bairro Alto dos Passos, localizado na zona Sul.<\/p>\n<p>Segundo informa\u00e7\u00f5es da Pol\u00edcia Militar (PM), o jovem relatou que seguia pela Avenida Rio Branco, pr\u00f3ximo a esquina com a Rua Doutor Romualdo quando foi abordado por um indiv\u00edduo que anunciou o assalto.<\/p>\n<p>O autor encostou um objeto pontiagudo no pesco\u00e7o da v\u00edtima e ordenou que entregasse o aparelho celular.<\/p>\n<p>Ap\u00f3s a a\u00e7\u00e3o, o indiv\u00edduo ordenou que o jovem seguisse sem olhar para tr\u00e1s. Ele n\u00e3o soube informar a PM a dire\u00e7\u00e3o para qual o assaltante fugiu.<\/p>\n<p>A pol\u00edcia realizou buscas, mas o autor n\u00e3o foi encontrado.<\/p>\n","protected":false},"excerpt":{"rendered":"<p>Um jovem de 17 anos foi amea\u00e7ado e assaltado na noite desta quarta-feira, 3, no bairro Alto dos Passos, localizado na zona Sul. Segundo informa\u00e7\u00f5es da Pol\u00edcia Militar (PM), o jovem relatou que seguia pela Avenida Rio Branco, pr\u00f3ximo a esquina com a Rua Doutor Romualdo quando foi abordado por um indiv\u00edduo que anunciou o [&hellip;]<\/p>\n","protected":false},"author":96,"featured_media":88682,"comment_status":"closed","ping_status":"closed","sticky":false,"template":"","format":"standard","meta":{"footnotes":""},"categories":[301],"tags":[],"class_list":["post-88683","post","type-post","status-publish","format-standard","has-post-thumbnail","hentry","category-artigos-policiais"],"_links":{"self":[{"href":"https:\/\/diarioregionaldigital.com.br\/index.php?rest_route=\/wp\/v2\/posts\/88683","targetHints":{"allow":["GET"]}}],"collection":[{"href":"https:\/\/diarioregionaldigital.com.br\/index.php?rest_route=\/wp\/v2\/posts"}],"about":[{"href":"https:\/\/diarioregionaldigital.com.br\/index.php?rest_route=\/wp\/v2\/types\/post"}],"author":[{"embeddable":true,"href":"https:\/\/diarioregionaldigital.com.br\/index.php?rest_route=\/wp\/v2\/users\/96"}],"replies":[{"embeddable":true,"href":"https:\/\/diarioregionaldigital.com.br\/index.php?rest_route=%2Fwp%2Fv2%2Fcomments&post=88683"}],"version-history":[{"count":0,"href":"https:\/\/diarioregionaldigital.com.br\/index.php?rest_route=\/wp\/v2\/posts\/88683\/revisions"}],"wp:featuredmedia":[{"embeddable":true,"href":"https:\/\/diarioregionaldigital.com.br\/index.php?rest_route=\/wp\/v2\/media\/88682"}],"wp:attachment":[{"href":"https:\/\/diarioregionaldigital.com.br\/index.php?rest_route=%2Fwp%2Fv2%2Fmedia&parent=88683"}],"wp:term":[{"taxonomy":"category","embeddable":true,"href":"https:\/\/diarioregionaldigital.com.br\/index.php?rest_route=%2Fwp%2Fv2%2Fcategories&post=88683"},{"taxonomy":"post_tag","embeddable":true,"href":"https:\/\/diarioregionaldigital.com.br\/index.php?rest_route=%2Fwp%2Fv2%2Ftags&post=88683"}],"curies":[{"name":"wp","href":"https:\/\/api.w.org\/{rel}","templated":true}]}}