{"id":88681,"date":"2018-01-04T13:10:01","date_gmt":"2018-01-04T15:10:01","guid":{"rendered":"http:\/\/diarioregionaljf.com.br\/2018\/01\/04\/angra-dos-reis-entra-em-estagio-de-atencao-por-causa-da-chuva\/"},"modified":"2018-01-04T13:10:01","modified_gmt":"2018-01-04T15:10:01","slug":"angra-dos-reis-entra-em-estagio-de-atencao-por-causa-da-chuva","status":"publish","type":"post","link":"https:\/\/diarioregionaldigital.com.br\/?p=88681","title":{"rendered":"Angra dos Reis entra em est\u00e1gio de aten\u00e7\u00e3o por causa da chuva"},"content":{"rendered":"<p>A Secretaria de Defesa Civil de Angra dos Reis, na costa verde fluminense, decretou nessa quarta-feira, 3, est\u00e1gio de aten\u00e7\u00e3o para o munic\u00edpio. O secret\u00e1rio Jairo Souza disse \u00e0 Ag\u00eancia Brasil que, diante da previs\u00e3o de chuvas fortes na regi\u00e3o, est\u00e1 sendo feito um acompanhamento constante da situa\u00e7\u00e3o no munic\u00edpio.<\/p>\n<p>\u201cTemos monitoramento durante 24 horas dos pluvi\u00f4metros e ficamos avaliando os \u00edndices de chuvas. Na medida em que a chuva atingir um determinado limite, a gente vai enviar um SMS de alerta, e se a chuva aumentar manda mensagem de alarme\u201d, disse.<\/p>\n<p>O secret\u00e1rio lembrou que Angra dos Reis j\u00e1 sofreu com deslizamentos de terras que provocaram mortes de moradores, como os que ocorreram no dia 1\u00ba de janeiro de 2010, quando 53 pessoas perderam a vida. Segundo Jairo Souza, essas situa\u00e7\u00f5es dif\u00edceis levam o munic\u00edpio a ter preocupa\u00e7\u00e3o com a intensidade de chuva. \u201cN\u00f3s estamos sempre preocupados em rela\u00e7\u00e3o a isso. A popula\u00e7\u00e3o j\u00e1 sabe o que tem que fazer e onde ir quando recebe as mensagens no celular\u201d, contou.<\/p>\n<p>Fonte: Ag\u00eancia Brasil<\/p>\n","protected":false},"excerpt":{"rendered":"<p>A Secretaria de Defesa Civil de Angra dos Reis, na costa verde fluminense, decretou nessa quarta-feira, 3, est\u00e1gio de aten\u00e7\u00e3o para o munic\u00edpio. O secret\u00e1rio Jairo Souza disse \u00e0 Ag\u00eancia Brasil que, diante da previs\u00e3o de chuvas fortes na regi\u00e3o, est\u00e1 sendo feito um acompanhamento constante da situa\u00e7\u00e3o no munic\u00edpio. \u201cTemos monitoramento durante 24 horas [&hellip;]<\/p>\n","protected":false},"author":96,"featured_media":88680,"comment_status":"closed","ping_status":"closed","sticky":false,"template":"","format":"standard","meta":{"footnotes":""},"categories":[302],"tags":[],"class_list":["post-88681","post","type-post","status-publish","format-standard","has-post-thumbnail","hentry","category-brasil-mundo"],"_links":{"self":[{"href":"https:\/\/diarioregionaldigital.com.br\/index.php?rest_route=\/wp\/v2\/posts\/88681","targetHints":{"allow":["GET"]}}],"collection":[{"href":"https:\/\/diarioregionaldigital.com.br\/index.php?rest_route=\/wp\/v2\/posts"}],"about":[{"href":"https:\/\/diarioregionaldigital.com.br\/index.php?rest_route=\/wp\/v2\/types\/post"}],"author":[{"embeddable":true,"href":"https:\/\/diarioregionaldigital.com.br\/index.php?rest_route=\/wp\/v2\/users\/96"}],"replies":[{"embeddable":true,"href":"https:\/\/diarioregionaldigital.com.br\/index.php?rest_route=%2Fwp%2Fv2%2Fcomments&post=88681"}],"version-history":[{"count":0,"href":"https:\/\/diarioregionaldigital.com.br\/index.php?rest_route=\/wp\/v2\/posts\/88681\/revisions"}],"wp:featuredmedia":[{"embeddable":true,"href":"https:\/\/diarioregionaldigital.com.br\/index.php?rest_route=\/wp\/v2\/media\/88680"}],"wp:attachment":[{"href":"https:\/\/diarioregionaldigital.com.br\/index.php?rest_route=%2Fwp%2Fv2%2Fmedia&parent=88681"}],"wp:term":[{"taxonomy":"category","embeddable":true,"href":"https:\/\/diarioregionaldigital.com.br\/index.php?rest_route=%2Fwp%2Fv2%2Fcategories&post=88681"},{"taxonomy":"post_tag","embeddable":true,"href":"https:\/\/diarioregionaldigital.com.br\/index.php?rest_route=%2Fwp%2Fv2%2Ftags&post=88681"}],"curies":[{"name":"wp","href":"https:\/\/api.w.org\/{rel}","templated":true}]}}