{"id":88679,"date":"2018-01-04T12:58:16","date_gmt":"2018-01-04T14:58:16","guid":{"rendered":"http:\/\/diarioregionaljf.com.br\/2018\/01\/04\/campanha-janeiro-roxo-alerta-sobre-a-hanseniase-portador-da-doenca-morre-em-mt\/"},"modified":"2018-01-04T12:58:16","modified_gmt":"2018-01-04T14:58:16","slug":"campanha-janeiro-roxo-alerta-sobre-a-hanseniase-portador-da-doenca-morre-em-mt","status":"publish","type":"post","link":"https:\/\/diarioregionaldigital.com.br\/?p=88679","title":{"rendered":"Campanha Janeiro Roxo alerta sobre a hansen\u00edase; portador da doen\u00e7a morre em MT"},"content":{"rendered":"<p>O governo e associa\u00e7\u00f5es m\u00e9dicas fazem campanha janeiro roxo com foco no combate \u00e0 hansen\u00edase. Em Mato Grosso, um menino de 11 anos, portador da doen\u00e7a, morreu no primeiro dia do ano, que marcou tamb\u00e9m o in\u00edcio da campanha.<\/p>\n<p>A crian\u00e7a foi internada no domingo , 31 de dezembro, com infec\u00e7\u00e3o generalizada e morreu na madrugada do dia 1\u00ba de janeiro, no Hospital Regional de Sorriso, a 420 quil\u00f4metros de Cuiab\u00e1. Daniel Rodrigues Santiago era portador de hansen\u00edase multibacilar e estava em tratamento h\u00e1 tr\u00eas meses.<\/p>\n<p>Segundo o Sistema de Informa\u00e7\u00e3o de Agravos de Notifica\u00e7\u00e3o do Minist\u00e9rio da Sa\u00fade (Sinan), Mato Grosso registra as maiores taxas de detec\u00e7\u00e3o de hansen\u00edase do pa\u00eds. Em 2016, foram detectados 2.658 casos novos, o que equivale a 80,4 registros para cada 100 mil habitantes. O \u00edndice representa uma redu\u00e7\u00e3o em rela\u00e7\u00e3o a 2015, que teve taxa de detec\u00e7\u00e3o de novos casos da doen\u00e7a de 93 para 100 mil habitantes, totalizando 3.037 registros.<\/p>\n<p>A t\u00e9cnica do Programa Estadual de Controle de Hansen\u00edase de Mato Grosso, Rejane Finotti, relatou que a morte est\u00e1 sendo investigada e os m\u00e9dicos trabalham com a hip\u00f3tese de intoler\u00e2ncia aos medicamentos. &#8220;N\u00e3o ocorre \u00f3bito por hansen\u00edase. O que pode ocorrer \u00e9 intoler\u00e2ncia medicamentosa. Logo no in\u00edcio do tratamento, [o paciente] \u00e9 orientado a procurar a unidade de sa\u00fade caso sinta algum sintoma diferente&#8221;, disse.<\/p>\n<p>A morte do menino portador de hansen\u00edase em Mato Grosso refor\u00e7a a import\u00e2ncia do combate e preven\u00e7\u00e3o \u00e0 doen\u00e7a. Este m\u00eas, diversas organiza\u00e7\u00f5es da sociedade civil, minist\u00e9rio e secretarias de Sa\u00fade promovem a campanha Janeiro Roxo. Segundo o presidente da Sociedade Brasileira de Hansenologia, Cl\u00e1udio Salgado, nos \u00faltimos 10 anos o n\u00famero de casos caiu no pa\u00eds, mas a falta de tratamento dos casos existentes aumentou o n\u00famero pessoas com incapacidade f\u00edsica.<\/p>\n<p>&#8220;Sabemos que a nossa rede de aten\u00e7\u00e3o b\u00e1sica n\u00e3o est\u00e1 funcionando a contento, deveria funcionar melhor, as refer\u00eancias n\u00e3o est\u00e3o sendo capacitadas, est\u00e3o sobrecarregadas. Temos feito diagn\u00f3sticos tardios. Temos mais pessoas chegando para fazer o tratamento, j\u00e1 que h\u00e1 capacidade f\u00edsica instalada, o que significa que voc\u00ea vai ter mais problemas e vai sobrecarregar ainda mais o sistema.&#8221;<\/p>\n<p>A hansen\u00edase \u00e9 uma doen\u00e7a cr\u00f4nica, infectocontagiosa e transmitida de uma pessoa doente, que n\u00e3o esteja em tratamento, para uma pessoa saud\u00e1vel suscet\u00edvel. Embora tenha cura, a doen\u00e7a pode causar incapacidades f\u00edsicas se o diagn\u00f3stico for tardio ou se o tratamento n\u00e3o for feito adequadamente. A orienta\u00e7\u00e3o \u00e9 que as pessoas procurem o servi\u00e7o de sa\u00fade assim que perceberem o aparecimento de manchas, de qualquer cor, em qualquer parte do corpo, principalmente se ela apresentar diminui\u00e7\u00e3o de sensibilidade ao calor e ao toque. Ap\u00f3s iniciado o tratamento, o paciente para de transmitir a doen\u00e7a quase imediatamente.<\/p>\n<p>Fonte: Ag\u00eancia Brasil<\/p>\n","protected":false},"excerpt":{"rendered":"<p>O governo e associa\u00e7\u00f5es m\u00e9dicas fazem campanha janeiro roxo com foco no combate \u00e0 hansen\u00edase. Em Mato Grosso, um menino de 11 anos, portador da doen\u00e7a, morreu no primeiro dia do ano, que marcou tamb\u00e9m o in\u00edcio da campanha. A crian\u00e7a foi internada no domingo , 31 de dezembro, com infec\u00e7\u00e3o generalizada e morreu na [&hellip;]<\/p>\n","protected":false},"author":96,"featured_media":88678,"comment_status":"closed","ping_status":"closed","sticky":false,"template":"","format":"standard","meta":{"footnotes":""},"categories":[302],"tags":[],"class_list":["post-88679","post","type-post","status-publish","format-standard","has-post-thumbnail","hentry","category-brasil-mundo"],"_links":{"self":[{"href":"https:\/\/diarioregionaldigital.com.br\/index.php?rest_route=\/wp\/v2\/posts\/88679","targetHints":{"allow":["GET"]}}],"collection":[{"href":"https:\/\/diarioregionaldigital.com.br\/index.php?rest_route=\/wp\/v2\/posts"}],"about":[{"href":"https:\/\/diarioregionaldigital.com.br\/index.php?rest_route=\/wp\/v2\/types\/post"}],"author":[{"embeddable":true,"href":"https:\/\/diarioregionaldigital.com.br\/index.php?rest_route=\/wp\/v2\/users\/96"}],"replies":[{"embeddable":true,"href":"https:\/\/diarioregionaldigital.com.br\/index.php?rest_route=%2Fwp%2Fv2%2Fcomments&post=88679"}],"version-history":[{"count":0,"href":"https:\/\/diarioregionaldigital.com.br\/index.php?rest_route=\/wp\/v2\/posts\/88679\/revisions"}],"wp:featuredmedia":[{"embeddable":true,"href":"https:\/\/diarioregionaldigital.com.br\/index.php?rest_route=\/wp\/v2\/media\/88678"}],"wp:attachment":[{"href":"https:\/\/diarioregionaldigital.com.br\/index.php?rest_route=%2Fwp%2Fv2%2Fmedia&parent=88679"}],"wp:term":[{"taxonomy":"category","embeddable":true,"href":"https:\/\/diarioregionaldigital.com.br\/index.php?rest_route=%2Fwp%2Fv2%2Fcategories&post=88679"},{"taxonomy":"post_tag","embeddable":true,"href":"https:\/\/diarioregionaldigital.com.br\/index.php?rest_route=%2Fwp%2Fv2%2Ftags&post=88679"}],"curies":[{"name":"wp","href":"https:\/\/api.w.org\/{rel}","templated":true}]}}