{"id":88677,"date":"2018-01-04T12:52:20","date_gmt":"2018-01-04T14:52:20","guid":{"rendered":"http:\/\/diarioregionaljf.com.br\/2018\/01\/04\/governo-do-rn-vai-pagar-salarios-de-policiais-para-tentar-resolver-impasse\/"},"modified":"2018-01-04T12:52:20","modified_gmt":"2018-01-04T14:52:20","slug":"governo-do-rn-vai-pagar-salarios-de-policiais-para-tentar-resolver-impasse","status":"publish","type":"post","link":"https:\/\/diarioregionaldigital.com.br\/?p=88677","title":{"rendered":"Governo do RN vai pagar sal\u00e1rios de policiais para tentar resolver impasse"},"content":{"rendered":"<p>O governo do Rio Grande do Norte anunciou nessa quarta-feira, 3, que ir\u00e1 finalizar o pagamento dos sal\u00e1rios de novembro de servidores do estado no pr\u00f3ximo s\u00e1bado, 6. Policiais civis e militares e bombeiros, tamb\u00e9m atingidos pelo problema, v\u00eam realizando mobiliza\u00e7\u00f5es, adotando escalas especiais de trabalho e fazendo opera\u00e7\u00e3o padr\u00e3o em protesto contra atrasos em pagamentos e problemas nas condi\u00e7\u00f5es de trabalho.<\/p>\n<p>O governo do estado afirmou que pretende realizar o pagamento dos servidores com vencimentos acima de R$4 mil, que ainda n\u00e3o haviam recebido o repasse referente a novembro. Mas n\u00e3o definiu quando deve quitar o sal\u00e1rio de dezembro e o d\u00e9cimo terceiro. Por meio de sua assessoria, informou que busca resolver a situa\u00e7\u00e3o \u201co mais breve poss\u00edvel\u201d.<\/p>\n<p>Nesta quinta-feira, 4, o governador Robinson Faria deve se reunir representantes da Assembleia Legislativa, do Tribunal de Justi\u00e7a e do Minist\u00e9rio P\u00fablico, para discutir a situa\u00e7\u00e3o e avaliar poss\u00edveis solu\u00e7\u00f5es.<\/p>\n<p>Os policiais civis marcaram uma assembleia para hoje com o objetivo de discutir os rumos da mobiliza\u00e7\u00e3o e examinar eventuais propostas da administra\u00e7\u00e3o estadual. Uma nova reuni\u00e3o entre os dirigentes do Sindicato dos Policiais Civis e Servidores da Seguran\u00e7a P\u00fablica do Rio Grande do Norte (Sinpol-RN) e do governo do estado n\u00e3o est\u00e1 descartada.<\/p>\n<p>Os policiais militares tamb\u00e9m marcaram assembleia, mas para sexta-feira, 5, quando esperam ter um retorno do Executivo estadual. \u201cAtualizar o sal\u00e1rio n\u00e3o \u00e9 determinante para a atividade policial ser retomada. O governo sinalizou conversar conosco. Vamos levar as pend\u00eancias da categoria. Queremos que o governo diga quando e como vai resolver\u201d, disse a presidente da Associa\u00e7\u00e3o dos Subtenentes e Sargentos da Pol\u00edcia Militar do Rio Grande do Norte, Eliabe Marques.<\/p>\n<p>&nbsp;<\/p>\n<h4>MOBILIZA\u00c7\u00c3O<\/h4>\n<p>Os policiais civis e militares e bombeiros do estado iniciaram as mobiliza\u00e7\u00f5es no dia 20 de dezembro. Elas foram motivadas pela falta de perspectiva de quita\u00e7\u00e3o dos pagamentos devidos por parte do governo do Estado. Os agentes e delegados civis paralisaram parte dos servi\u00e7os, trabalham em escalas de plant\u00e3o e v\u00eam promovendo manifesta\u00e7\u00f5es para pressionar o governo estadual. Os policiais militares e bombeiros est\u00e3o comparecendo ao trabalho, mas s\u00f3 saem em viaturas consideradas adequadas ao servi\u00e7o. Segundo a associa\u00e7\u00e3o de sargentos, s\u00e3o poucos os ve\u00edculos em condi\u00e7\u00f5es.<\/p>\n<p>No \u00faltimo domingo, 31 de dezembro, o desembargador Claudio Santos, do Tribunal de Justi\u00e7a do estado, determinou que policiais civis e militares e bombeiros retornassem ao trabalho, sob pena de multa de R$100 mil por dia \u00e0s respectivas entidades representativas. Na decis\u00e3o, o desembargador tamb\u00e9m ordenou a pris\u00e3o de policiais que promovam, divulguem ou incentivem as mobiliza\u00e7\u00f5es. Na ter\u00e7a-feira, 2, policiais militares come\u00e7aram a retomar o patrulhamento em Natal e Mossor\u00f3.<\/p>\n<p>Mesmo com a decis\u00e3o, os policiais civis e militares decidiram manter as mobiliza\u00e7\u00f5es. Na manh\u00e3 de ontem, cerca de 300 agentes da Pol\u00edcia Civil se reuniram com a delegada-geral da corpora\u00e7\u00e3o, Adriana Shirley, para discutir o impasse.<\/p>\n<p>&nbsp;<\/p>\n<h4>SEGURAN\u00c7A<\/h4>\n<p>Enquanto segue a crise entre os policiais e o governo do Estado, a seguran\u00e7a foi transferida pela administra\u00e7\u00e3o estadual para o Ex\u00e9rcito. Ao todo, foram mobilizados 2,8 homens das For\u00e7as Armadas e 220 da For\u00e7a Nacional, equipe de agentes estaduais coordenada pelo Minist\u00e9rio da Justi\u00e7a.<\/p>\n<p>Nesta quarta-feira, o Minist\u00e9rio informou que ampliou a atua\u00e7\u00e3o dos agentes da For\u00e7a Nacional para mais quatro munic\u00edpios da regi\u00e3o metropolitana de Natal: Parnamirim, Maca\u00edba, Vera Cruz e Ielmo Marinho. Segundo nota divulgada pela pasta, &#8220;a mudan\u00e7a ocorre para melhor distribuir o patrulhamento&#8221; no estado.<\/p>\n<p>Fonte: Ag\u00eancia Brasil<\/p>\n","protected":false},"excerpt":{"rendered":"<p>O governo do Rio Grande do Norte anunciou nessa quarta-feira, 3, que ir\u00e1 finalizar o pagamento dos sal\u00e1rios de novembro de servidores do estado no pr\u00f3ximo s\u00e1bado, 6. Policiais civis e militares e bombeiros, tamb\u00e9m atingidos pelo problema, v\u00eam realizando mobiliza\u00e7\u00f5es, adotando escalas especiais de trabalho e fazendo opera\u00e7\u00e3o padr\u00e3o em protesto contra atrasos em [&hellip;]<\/p>\n","protected":false},"author":96,"featured_media":88676,"comment_status":"closed","ping_status":"closed","sticky":false,"template":"","format":"standard","meta":{"footnotes":""},"categories":[302],"tags":[],"class_list":["post-88677","post","type-post","status-publish","format-standard","has-post-thumbnail","hentry","category-brasil-mundo"],"_links":{"self":[{"href":"https:\/\/diarioregionaldigital.com.br\/index.php?rest_route=\/wp\/v2\/posts\/88677","targetHints":{"allow":["GET"]}}],"collection":[{"href":"https:\/\/diarioregionaldigital.com.br\/index.php?rest_route=\/wp\/v2\/posts"}],"about":[{"href":"https:\/\/diarioregionaldigital.com.br\/index.php?rest_route=\/wp\/v2\/types\/post"}],"author":[{"embeddable":true,"href":"https:\/\/diarioregionaldigital.com.br\/index.php?rest_route=\/wp\/v2\/users\/96"}],"replies":[{"embeddable":true,"href":"https:\/\/diarioregionaldigital.com.br\/index.php?rest_route=%2Fwp%2Fv2%2Fcomments&post=88677"}],"version-history":[{"count":0,"href":"https:\/\/diarioregionaldigital.com.br\/index.php?rest_route=\/wp\/v2\/posts\/88677\/revisions"}],"wp:featuredmedia":[{"embeddable":true,"href":"https:\/\/diarioregionaldigital.com.br\/index.php?rest_route=\/wp\/v2\/media\/88676"}],"wp:attachment":[{"href":"https:\/\/diarioregionaldigital.com.br\/index.php?rest_route=%2Fwp%2Fv2%2Fmedia&parent=88677"}],"wp:term":[{"taxonomy":"category","embeddable":true,"href":"https:\/\/diarioregionaldigital.com.br\/index.php?rest_route=%2Fwp%2Fv2%2Fcategories&post=88677"},{"taxonomy":"post_tag","embeddable":true,"href":"https:\/\/diarioregionaldigital.com.br\/index.php?rest_route=%2Fwp%2Fv2%2Ftags&post=88677"}],"curies":[{"name":"wp","href":"https:\/\/api.w.org\/{rel}","templated":true}]}}