{"id":88675,"date":"2018-01-04T12:31:05","date_gmt":"2018-01-04T14:31:05","guid":{"rendered":"http:\/\/diarioregionaljf.com.br\/2018\/01\/04\/jovem-tem-moto-roubada-por-dupla-armada-no-bom-pastor\/"},"modified":"2018-01-04T12:31:05","modified_gmt":"2018-01-04T14:31:05","slug":"jovem-tem-moto-roubada-por-dupla-armada-no-bom-pastor","status":"publish","type":"post","link":"https:\/\/diarioregionaldigital.com.br\/?p=88675","title":{"rendered":"Jovem tem moto roubada por dupla armada no Bom Pastor"},"content":{"rendered":"<p>Um jovem de 24 anos teve sua moto e celular roubados na noite desta quarta-feira, 3, no bairro Bom Pastor, localizado na zona Sul.<\/p>\n<p>Segundos informa\u00e7\u00f5es da Pol\u00edcia Militar (PM), uma guarni\u00e7\u00e3o realizava patrulha pelo bairro quando o jovem abordou o ve\u00edculo informando ter sido abordado por dois indiv\u00edduos armados que o assaltaram.<\/p>\n<p>O jovem explicou que um dos indiv\u00edduos anunciou o assalto com a arma enquanto o outro pegou seu celular e a moto. Ap\u00f3s o crime a dupla fugiu em sentido ao bairro Olavo Costa, na zona Sudeste.<\/p>\n<p>Diante dos fatos a PM apresentou fotos de poss\u00edveis suspeitos do crime, ao que a v\u00edtima identificou os dois autores. Os assaltantes teriam 18 e 25 anos.<\/p>\n<p>Foram realizadas buscas na regi\u00e3o, entretanto os autores foram localizados.<\/p>\n","protected":false},"excerpt":{"rendered":"<p>Um jovem de 24 anos teve sua moto e celular roubados na noite desta quarta-feira, 3, no bairro Bom Pastor, localizado na zona Sul. Segundos informa\u00e7\u00f5es da Pol\u00edcia Militar (PM), uma guarni\u00e7\u00e3o realizava patrulha pelo bairro quando o jovem abordou o ve\u00edculo informando ter sido abordado por dois indiv\u00edduos armados que o assaltaram. O jovem [&hellip;]<\/p>\n","protected":false},"author":96,"featured_media":88674,"comment_status":"closed","ping_status":"closed","sticky":false,"template":"","format":"standard","meta":{"footnotes":""},"categories":[301],"tags":[],"class_list":["post-88675","post","type-post","status-publish","format-standard","has-post-thumbnail","hentry","category-artigos-policiais"],"_links":{"self":[{"href":"https:\/\/diarioregionaldigital.com.br\/index.php?rest_route=\/wp\/v2\/posts\/88675","targetHints":{"allow":["GET"]}}],"collection":[{"href":"https:\/\/diarioregionaldigital.com.br\/index.php?rest_route=\/wp\/v2\/posts"}],"about":[{"href":"https:\/\/diarioregionaldigital.com.br\/index.php?rest_route=\/wp\/v2\/types\/post"}],"author":[{"embeddable":true,"href":"https:\/\/diarioregionaldigital.com.br\/index.php?rest_route=\/wp\/v2\/users\/96"}],"replies":[{"embeddable":true,"href":"https:\/\/diarioregionaldigital.com.br\/index.php?rest_route=%2Fwp%2Fv2%2Fcomments&post=88675"}],"version-history":[{"count":0,"href":"https:\/\/diarioregionaldigital.com.br\/index.php?rest_route=\/wp\/v2\/posts\/88675\/revisions"}],"wp:featuredmedia":[{"embeddable":true,"href":"https:\/\/diarioregionaldigital.com.br\/index.php?rest_route=\/wp\/v2\/media\/88674"}],"wp:attachment":[{"href":"https:\/\/diarioregionaldigital.com.br\/index.php?rest_route=%2Fwp%2Fv2%2Fmedia&parent=88675"}],"wp:term":[{"taxonomy":"category","embeddable":true,"href":"https:\/\/diarioregionaldigital.com.br\/index.php?rest_route=%2Fwp%2Fv2%2Fcategories&post=88675"},{"taxonomy":"post_tag","embeddable":true,"href":"https:\/\/diarioregionaldigital.com.br\/index.php?rest_route=%2Fwp%2Fv2%2Ftags&post=88675"}],"curies":[{"name":"wp","href":"https:\/\/api.w.org\/{rel}","templated":true}]}}