{"id":88650,"date":"2018-01-03T21:54:06","date_gmt":"2018-01-03T23:54:06","guid":{"rendered":"http:\/\/diarioregionaljf.com.br\/2018\/01\/03\/ibovespa-bate-novo-recorde-e-fecha-o-dia-em-77-995-pontos\/"},"modified":"2018-01-03T21:54:06","modified_gmt":"2018-01-03T23:54:06","slug":"ibovespa-bate-novo-recorde-e-fecha-o-dia-em-77-995-pontos","status":"publish","type":"post","link":"https:\/\/diarioregionaldigital.com.br\/?p=88650","title":{"rendered":"Ibovespa bate novo recorde e fecha o dia em 77.995 pontos"},"content":{"rendered":"<p>Ap\u00f3s bater a casa dos 78 mil pontos durante o preg\u00e3o de hoje, 3, o Ibovespa, principal indicador de desempenho das a\u00e7\u00f5es negociadas na B3 (Bolsa de S\u00e3o Paulo), fechou o dia em 77.995 pontos, batendo o recorde anterior, alcan\u00e7ado ter\u00e7a-feira, 2, com alta de 0,13%. No fechamento do preg\u00e3o, o volume negociado na Bolsa foi de R$8,59 bilh\u00f5es.<\/p>\n<p>Na ter\u00e7a-feira, 2, no primeiro preg\u00e3o do ano, o Ibovespa bateu a marca hist\u00f3rica, encerrando o dia em 77.891 pontos, o que representou alta de 1,95% em rela\u00e7\u00e3o ao preg\u00e3o anterior. At\u00e9 ent\u00e3o, o recorde era de 76.989 pontos, valor registrado no dia 13 de outubro de 2017.<\/p>\n<hr \/>\n<p>&nbsp;Fonte: Ag\u00eancia Brasil<\/p>\n","protected":false},"excerpt":{"rendered":"<p>Ap\u00f3s bater a casa dos 78 mil pontos durante o preg\u00e3o de hoje, 3, o Ibovespa, principal indicador de desempenho das a\u00e7\u00f5es negociadas na B3 (Bolsa de S\u00e3o Paulo), fechou o dia em 77.995 pontos, batendo o recorde anterior, alcan\u00e7ado ter\u00e7a-feira, 2, com alta de 0,13%. No fechamento do preg\u00e3o, o volume negociado na Bolsa [&hellip;]<\/p>\n","protected":false},"author":96,"featured_media":88649,"comment_status":"closed","ping_status":"closed","sticky":false,"template":"","format":"standard","meta":{"footnotes":""},"categories":[261],"tags":[],"class_list":["post-88650","post","type-post","status-publish","format-standard","has-post-thumbnail","hentry","category-economia"],"_links":{"self":[{"href":"https:\/\/diarioregionaldigital.com.br\/index.php?rest_route=\/wp\/v2\/posts\/88650","targetHints":{"allow":["GET"]}}],"collection":[{"href":"https:\/\/diarioregionaldigital.com.br\/index.php?rest_route=\/wp\/v2\/posts"}],"about":[{"href":"https:\/\/diarioregionaldigital.com.br\/index.php?rest_route=\/wp\/v2\/types\/post"}],"author":[{"embeddable":true,"href":"https:\/\/diarioregionaldigital.com.br\/index.php?rest_route=\/wp\/v2\/users\/96"}],"replies":[{"embeddable":true,"href":"https:\/\/diarioregionaldigital.com.br\/index.php?rest_route=%2Fwp%2Fv2%2Fcomments&post=88650"}],"version-history":[{"count":0,"href":"https:\/\/diarioregionaldigital.com.br\/index.php?rest_route=\/wp\/v2\/posts\/88650\/revisions"}],"wp:featuredmedia":[{"embeddable":true,"href":"https:\/\/diarioregionaldigital.com.br\/index.php?rest_route=\/wp\/v2\/media\/88649"}],"wp:attachment":[{"href":"https:\/\/diarioregionaldigital.com.br\/index.php?rest_route=%2Fwp%2Fv2%2Fmedia&parent=88650"}],"wp:term":[{"taxonomy":"category","embeddable":true,"href":"https:\/\/diarioregionaldigital.com.br\/index.php?rest_route=%2Fwp%2Fv2%2Fcategories&post=88650"},{"taxonomy":"post_tag","embeddable":true,"href":"https:\/\/diarioregionaldigital.com.br\/index.php?rest_route=%2Fwp%2Fv2%2Ftags&post=88650"}],"curies":[{"name":"wp","href":"https:\/\/api.w.org\/{rel}","templated":true}]}}