{"id":88623,"date":"2018-01-03T19:53:10","date_gmt":"2018-01-03T21:53:10","guid":{"rendered":"http:\/\/diarioregionaljf.com.br\/2018\/01\/03\/escolhida-nova-empresa-administradora-do-aeroporto-da-serrinha\/"},"modified":"2018-01-03T19:53:10","modified_gmt":"2018-01-03T21:53:10","slug":"escolhida-nova-empresa-administradora-do-aeroporto-da-serrinha","status":"publish","type":"post","link":"https:\/\/diarioregionaldigital.com.br\/?p=88623","title":{"rendered":"Escolhida nova empresa administradora do Aeroporto da Serrinha"},"content":{"rendered":"<p>A AMD Esta\u00e7\u00f5es de Telecomunica\u00e7\u00f5es e Tr\u00e1fego A\u00e9reo Ltda. foi a escolhida para administrar o Aeroporto Municipal Francisco \u00c1lvares de Assis, o Aeroporto da Serrinha. O resultado foi publicado no Di\u00e1rio Oficial Eletr\u00f4nico de Juiz de Fora desta quarta-feira, 3. Segundo o documento, as empresas participantes do certame tem at\u00e9 24 horas para manifestar interesse em interpor recurso administrativo.<\/p>\n<p>A an\u00e1lise documental foi feita por setor competente da Secretaria de Desenvolvimento Econ\u00f4mico Trabalho e Turismo (Sedettur), que julgou que a empresa escolhida atendeu \u00e0s exig\u00eancias do edital. O valor de presta\u00e7\u00e3o dos servi\u00e7os ser\u00e1 de R$100 mil mensais.<\/p>\n<p>&nbsp;<\/p>\n<h4>HIST\u00d3RICO<\/h4>\n<p><a href=\"cidade\/18414-aeroporto-da-serrinha-passa-por-momento-de-transicao-de-administracao\" target=\"_blank\" rel=\"noopener noreferrer\">O Aeroporto da Serrinha est\u00e1 sobre gest\u00e3o da Sedettur desde agosto de 2017<\/a>, quando o contrato de concess\u00e3o com a Sociedade Nacional de Apoio Rodovi\u00e1rio e Tur\u00edstico LTDA. (Sinart) expirou. Um preg\u00e3o para contratar uma empresa substituta foi lan\u00e7ado no mesmo m\u00eas, mas adiado em seguida, pois a Secretaria precisava responder a questionamentos t\u00e9cnicos de empresas interessadas.<\/p>\n<p>Um novo processo de licita\u00e7\u00e3o foi lan\u00e7ado no dia 20 de outubro. <a href=\"cidade\/21028-licitacao-para-escolha-de-nova-administradora-do-aeroporto-da-serrinha-e-adiada\" target=\"_blank\" rel=\"noopener noreferrer\">No in\u00edcio de novembro, a Sedettur optou mais uma vez pelo adiamento do preg\u00e3o<\/a>, que aconteceria no dia seguinte. O processo foi retomado no mesmo m\u00eas.<\/p>\n<p><a href=\"cidade\/22334-licitacao-do-aeroporto-da-serrinha-segue-sem-vencedor\" target=\"_blank\" rel=\"noopener noreferrer\">Em meados de dezembro, a PJF anunciou que nenhuma empresa que tentou assumir a administra\u00e7\u00e3o do Aeroporto estava habilitada<\/a>. Na ocasi\u00e3o, a Prefeitura confirmou a continuidade do processo e foi dado um prazo para que as participantes entrassem com recurso.<\/p>\n<p>&nbsp;<\/p>\n","protected":false},"excerpt":{"rendered":"<p>A AMD Esta\u00e7\u00f5es de Telecomunica\u00e7\u00f5es e Tr\u00e1fego A\u00e9reo Ltda. foi a escolhida para administrar o Aeroporto Municipal Francisco \u00c1lvares de Assis, o Aeroporto da Serrinha. O resultado foi publicado no Di\u00e1rio Oficial Eletr\u00f4nico de Juiz de Fora desta quarta-feira, 3. Segundo o documento, as empresas participantes do certame tem at\u00e9 24 horas para manifestar interesse [&hellip;]<\/p>\n","protected":false},"author":96,"featured_media":88622,"comment_status":"closed","ping_status":"closed","sticky":false,"template":"","format":"standard","meta":{"footnotes":""},"categories":[253],"tags":[],"class_list":["post-88623","post","type-post","status-publish","format-standard","has-post-thumbnail","hentry","category-cidade"],"_links":{"self":[{"href":"https:\/\/diarioregionaldigital.com.br\/index.php?rest_route=\/wp\/v2\/posts\/88623","targetHints":{"allow":["GET"]}}],"collection":[{"href":"https:\/\/diarioregionaldigital.com.br\/index.php?rest_route=\/wp\/v2\/posts"}],"about":[{"href":"https:\/\/diarioregionaldigital.com.br\/index.php?rest_route=\/wp\/v2\/types\/post"}],"author":[{"embeddable":true,"href":"https:\/\/diarioregionaldigital.com.br\/index.php?rest_route=\/wp\/v2\/users\/96"}],"replies":[{"embeddable":true,"href":"https:\/\/diarioregionaldigital.com.br\/index.php?rest_route=%2Fwp%2Fv2%2Fcomments&post=88623"}],"version-history":[{"count":0,"href":"https:\/\/diarioregionaldigital.com.br\/index.php?rest_route=\/wp\/v2\/posts\/88623\/revisions"}],"wp:featuredmedia":[{"embeddable":true,"href":"https:\/\/diarioregionaldigital.com.br\/index.php?rest_route=\/wp\/v2\/media\/88622"}],"wp:attachment":[{"href":"https:\/\/diarioregionaldigital.com.br\/index.php?rest_route=%2Fwp%2Fv2%2Fmedia&parent=88623"}],"wp:term":[{"taxonomy":"category","embeddable":true,"href":"https:\/\/diarioregionaldigital.com.br\/index.php?rest_route=%2Fwp%2Fv2%2Fcategories&post=88623"},{"taxonomy":"post_tag","embeddable":true,"href":"https:\/\/diarioregionaldigital.com.br\/index.php?rest_route=%2Fwp%2Fv2%2Ftags&post=88623"}],"curies":[{"name":"wp","href":"https:\/\/api.w.org\/{rel}","templated":true}]}}