{"id":88621,"date":"2018-01-03T19:10:05","date_gmt":"2018-01-03T21:10:05","guid":{"rendered":"http:\/\/diarioregionaljf.com.br\/2018\/01\/03\/governo-de-minas-gerais-lanca-edital-de-patrocinio-para-o-1-semestre-de-2018\/"},"modified":"2018-01-03T19:10:05","modified_gmt":"2018-01-03T21:10:05","slug":"governo-de-minas-gerais-lanca-edital-de-patrocinio-para-o-1-semestre-de-2018","status":"publish","type":"post","link":"https:\/\/diarioregionaldigital.com.br\/?p=88621","title":{"rendered":"Governo de Minas Gerais lan\u00e7a edital de patroc\u00ednio para o 1\u00ba semestre de 2018"},"content":{"rendered":"<p>O Governo de Minas Gerais, por meio da Companhia de Desenvolvimento Econ\u00f4mico de Minas Gerais (Codemig), realiza chamamento p\u00fablico de patroc\u00ednio a projetos e eventos para o primeiro semestre de 2018. Os interessados podem se inscrever entre os dias 15 e 31 de janeiro. A empresa divulgar\u00e1 o resultado da sele\u00e7\u00e3o em 12 de mar\u00e7o, em seu site institucional. O edital e seus anexos encontram-se \u00e0 disposi\u00e7\u00e3o dos interessados gratuitamente na p\u00e1gina www.codemig.com.br ou na sede da empresa, de 9h \u00e0s 12h e de 14h \u00e0s 17h.<\/p>\n<p>A iniciativa est\u00e1 alinhada \u00e0 diretriz de transpar\u00eancia do Governo de Minas Gerais, na busca por ampliar o acesso \u00e0 concess\u00e3o de patroc\u00ednio no Estado e por permitir que todos os interessados possam participar de forma igual e democr\u00e1tica. Este \u00e9 o quarto chamamento p\u00fablico de patroc\u00ednio a projetos\/eventos que a Codemig realiza: o primeiro foi em 2016; o segundo e o terceiro em 2017.<\/p>\n<p>O investimento total estimado pela Codemig na iniciativa ser\u00e1 de at\u00e9 R$1 milh\u00e3o. O valor m\u00e1ximo a ser concedido a cada projeto, independentemente do valor total da proposta apresentada, ser\u00e1 de R$19 mil.<\/p>\n<p>O edital n\u00e3o se aplica a pessoas f\u00edsicas, podendo dele participar apenas pessoas jur\u00eddicas, como associa\u00e7\u00f5es, empresas de qualquer porte, entidades filantr\u00f3picas, microempreendedores individuais, munic\u00edpios, organiza\u00e7\u00f5es n\u00e3o governamentais, universidades, entre outras. Cada proponente poder\u00e1 inscrever somente um projeto\/evento, sob pena de desclassifica\u00e7\u00e3o caso a regra n\u00e3o seja observada.<\/p>\n<p>O Chamamento 01\/2018 \u00e9 destinado \u00e0s a\u00e7\u00f5es ou atividades que fortale\u00e7am cadeias produtivas do Estado de Minas Gerais, principalmente aquelas ligadas \u00e0 ind\u00fastria criativa (moda, gastronomia, audiovisual, design, m\u00fasica, turismo, etc), \u00e0 ind\u00fastria de alta tecnologia (materiais estrat\u00e9gicos, aeroespacial e defesa, biotecnologia, semicondutores e tecnologia da informa\u00e7\u00e3o, etc) e \u00e0 minera\u00e7\u00e3o, energia e infraestrutura.<\/p>\n<p>A iniciativa tamb\u00e9m busca projetos que promovam o desenvolvimento econ\u00f4mico e social, notadamente com \u00eanfase nos neg\u00f3cios; que potencializem os resultados de a\u00e7\u00f5es em benef\u00edcio dos segmentos econ\u00f4micos relevantes para Minas Gerais; que sejam de interesse p\u00fablico.<\/p>\n<p>&nbsp;<\/p>\n<h4>COMO SE INSCREVER<\/h4>\n<p>Podem participar do chamamento p\u00fablico pessoas jur\u00eddicas que atendam aos requisitos discriminados. As inscri\u00e7\u00f5es v\u00e3o at\u00e9 as 18h de 31 de janeiro. Todos os projetos\/eventos a serem patrocinados dever\u00e3o ser realizados entre 27 de mar\u00e7o e 26 de maio.<\/p>\n<p>Os documentos referentes ao chamamento est\u00e3o dispon\u00edveis no site www.codemig.com.br, na se\u00e7\u00e3o Patroc\u00ednio &gt; Editais.<\/p>\n<p>Os interessados dever\u00e3o preencher o Formul\u00e1rio de Solicita\u00e7\u00e3o de Patroc\u00ednio e envi\u00e1-lo \u00e0 Codemig, junto com a documenta\u00e7\u00e3o requisitada. O Formul\u00e1rio dever\u00e1 estar datado e assinado pelo representante legal da pessoa jur\u00eddica que pleiteia o patroc\u00ednio.<\/p>\n<p>O endere\u00e7o para envio do envelope \u00e9 Companhia de Desenvolvimento Econ\u00f4mico de Minas Gerais &#8211; Ascom. Rua Manaus, n\u00ba467, Santa Efig\u00eania. CEP 30150-350, Belo Horizonte (MG).<\/p>\n<p>O envelope dever\u00e1 conter as seguintes informa\u00e7\u00f5es no lado do remetente:<\/p>\n<p>&#8211; Nome da pessoa jur\u00eddica proponente<\/p>\n<p>&#8211; CNPJ<\/p>\n<p>&#8211; Nome do projeto<\/p>\n<p>&#8211; Territ\u00f3rio de Desenvolvimento onde ocorrer\u00e1 o projeto\/evento<\/p>\n<p>&#8211; Tema predominante do projeto\/evento<\/p>\n<p>&#8211; Endere\u00e7o completo do remetente<\/p>\n<p>&nbsp;<\/p>\n<p>O material pode ser entregue pessoalmente na Codemig ou enviado pelos Correios, por meio do servi\u00e7o de correspond\u00eancia registrada com aviso de recebimento (AR), com a devida identifica\u00e7\u00e3o, atentando-se aos prazos. N\u00e3o ser\u00e1 admitida a inscri\u00e7\u00e3o por meio eletr\u00f4nico.<\/p>\n<p>O per\u00edodo de inscri\u00e7\u00e3o das propostas vai at\u00e9 31 de janeiro. Ser\u00e3o considerados inscritos os projetos entregues na Codemig at\u00e9 as 18h desse dia, valendo, para a verifica\u00e7\u00e3o, o carimbo de protocolo da portaria da empresa. N\u00e3o ser\u00e3o aceitas as propostas que chegarem ap\u00f3s as 18h, seja diretamente por seus proponentes, seja por interm\u00e9dio dos Correios.<\/p>\n<p>&nbsp;<\/p>\n<h4>A SELE\u00c7\u00c3O<\/h4>\n<p>Para ser selecionado, o projeto\/evento dever\u00e1 estar coerente com o escopo de atua\u00e7\u00e3o da Codemig. A sele\u00e7\u00e3o contemplar\u00e1 requisitos como abrang\u00eancia, potencial de neg\u00f3cios, viabilidade de execu\u00e7\u00e3o, diferencial e originalidade do projeto.<\/p>\n<p>A inten\u00e7\u00e3o da Codemig \u00e9 beneficiar um n\u00famero maior de projetos e regi\u00f5es de Minas Gerais. A sele\u00e7\u00e3o dos projetos buscar\u00e1 descentralizar geograficamente a distribui\u00e7\u00e3o dos recursos de patroc\u00ednio, no \u00e2mbito dos 17 Territ\u00f3rios de Desenvolvimento definidos pelo Governo estadual (Alto Jequitinhonha, Capara\u00f3, Central, Mata, M\u00e9dio e Baixo Jequitinhonha, Metropolitano, Mucuri, Noroeste, Norte, Oeste, Sudoeste, Sul, Tri\u00e2ngulo Norte, Tri\u00e2ngulo Sul, Vale do A\u00e7o, Vale do Rio Doce, Vertentes).<\/p>\n<p>A Codemig procurar\u00e1, portanto, selecionar n\u00famero equilibrado de projetos\/eventos entre os territ\u00f3rios e descentralizar tanto no aspecto da localiza\u00e7\u00e3o das entidades proponentes, quanto no do p\u00fablico benefici\u00e1rio dos projetos.<\/p>\n<p>Com o crit\u00e9rio \u201cabrang\u00eancia\u201d, valorizam-se propostas que possuam caracter\u00edsticas regionais, abrangendo, se poss\u00edvel, mais de um munic\u00edpio e com prioridade para uma distribui\u00e7\u00e3o regional equilibrada, impacto social, relev\u00e2ncia ao interesse p\u00fablico e com foco nos territ\u00f3rios.<br \/>Em \u201cpotencial de neg\u00f3cios\u201d, buscam-se aquelas oportunidades de fortalecimento da economia do munic\u00edpio ou da regi\u00e3o.<\/p>\n<p>No quesito \u201cviabilidade de execu\u00e7\u00e3o\u201d, inclui-se a an\u00e1lise da adequa\u00e7\u00e3o or\u00e7ament\u00e1ria, da rela\u00e7\u00e3o custo\/benef\u00edcio e da capacidade t\u00e9cnica da equipe envolvida.<\/p>\n<p>Em \u201cdiferencial do projeto\u201d, ser\u00e3o observadas a adequa\u00e7\u00e3o do tema do evento \u00e0 \u00e1rea de atua\u00e7\u00e3o da Codemig e as oportunidades (contrapartidas) geradas ao patrocinador.<\/p>\n<p>O requisito \u201coriginalidade\u201d diz respeito \u00e0 inova\u00e7\u00e3o, ineditismo, singularidade e criatividade da proposta para o munic\u00edpio\/a regi\u00e3o onde ser\u00e1 realizado.<\/p>\n<p>Entre os dias 1\u00ba de fevereiro e 9 de mar\u00e7o, uma comiss\u00e3o interna vai analisar todas as propostas e pontu\u00e1-las dentro da escala m\u00e1xima de 25 pontos, de acordo com os crit\u00e9rios de sele\u00e7\u00e3o e veda\u00e7\u00e3o. Conforme a pontua\u00e7\u00e3o total alcan\u00e7ada, a Codemig determinar\u00e1 a classifica\u00e7\u00e3o das propostas participantes e recomendar\u00e1 os respectivos aportes financeiros.<\/p>\n<p>O resultado final ser\u00e1 publicado no dia 12 de mar\u00e7o, no site www.codemig.com.br. A Codemig entrar\u00e1 em contato diretamente com os proponentes contemplados, para formalizar o patroc\u00ednio.<\/p>\n<p>&nbsp;<\/p>\n<h4>CRONOGRAMA<\/h4>\n<p>&#8211; Inscri\u00e7\u00e3o\/Apresenta\u00e7\u00e3o de propostas: 15\/1\/2018 a 31\/1\/2018<\/p>\n<p>&#8211; An\u00e1lise das propostas: 1\/2\/2018 a 9\/3\/2018<\/p>\n<p>&#8211; Divulga\u00e7\u00e3o do resultado no site: 12\/3\/2018<\/p>\n<p>&#8211; In\u00edcio das contrata\u00e7\u00f5es: a partir de 12\/3\/2018<\/p>\n<p>&#8211; In\u00edcio dos projetos\/eventos: a partir de 27\/3\/2018<\/p>\n<p>&#8211; Encerramento dos projetos\/eventos: at\u00e9 26\/5\/2018<\/p>\n<p>&#8211; Data-limite para presta\u00e7\u00e3o de contas: at\u00e9 20\/6\/2018<\/p>\n<p>&nbsp;<\/p>\n<p>Fonte: Ag\u00eancia Minas<\/p>\n","protected":false},"excerpt":{"rendered":"<p>O Governo de Minas Gerais, por meio da Companhia de Desenvolvimento Econ\u00f4mico de Minas Gerais (Codemig), realiza chamamento p\u00fablico de patroc\u00ednio a projetos e eventos para o primeiro semestre de 2018. Os interessados podem se inscrever entre os dias 15 e 31 de janeiro. A empresa divulgar\u00e1 o resultado da sele\u00e7\u00e3o em 12 de mar\u00e7o, [&hellip;]<\/p>\n","protected":false},"author":96,"featured_media":88620,"comment_status":"closed","ping_status":"closed","sticky":false,"template":"","format":"standard","meta":{"footnotes":""},"categories":[252],"tags":[],"class_list":["post-88621","post","type-post","status-publish","format-standard","has-post-thumbnail","hentry","category-regiao"],"_links":{"self":[{"href":"https:\/\/diarioregionaldigital.com.br\/index.php?rest_route=\/wp\/v2\/posts\/88621","targetHints":{"allow":["GET"]}}],"collection":[{"href":"https:\/\/diarioregionaldigital.com.br\/index.php?rest_route=\/wp\/v2\/posts"}],"about":[{"href":"https:\/\/diarioregionaldigital.com.br\/index.php?rest_route=\/wp\/v2\/types\/post"}],"author":[{"embeddable":true,"href":"https:\/\/diarioregionaldigital.com.br\/index.php?rest_route=\/wp\/v2\/users\/96"}],"replies":[{"embeddable":true,"href":"https:\/\/diarioregionaldigital.com.br\/index.php?rest_route=%2Fwp%2Fv2%2Fcomments&post=88621"}],"version-history":[{"count":0,"href":"https:\/\/diarioregionaldigital.com.br\/index.php?rest_route=\/wp\/v2\/posts\/88621\/revisions"}],"wp:featuredmedia":[{"embeddable":true,"href":"https:\/\/diarioregionaldigital.com.br\/index.php?rest_route=\/wp\/v2\/media\/88620"}],"wp:attachment":[{"href":"https:\/\/diarioregionaldigital.com.br\/index.php?rest_route=%2Fwp%2Fv2%2Fmedia&parent=88621"}],"wp:term":[{"taxonomy":"category","embeddable":true,"href":"https:\/\/diarioregionaldigital.com.br\/index.php?rest_route=%2Fwp%2Fv2%2Fcategories&post=88621"},{"taxonomy":"post_tag","embeddable":true,"href":"https:\/\/diarioregionaldigital.com.br\/index.php?rest_route=%2Fwp%2Fv2%2Ftags&post=88621"}],"curies":[{"name":"wp","href":"https:\/\/api.w.org\/{rel}","templated":true}]}}