{"id":88619,"date":"2018-01-03T19:00:04","date_gmt":"2018-01-03T21:00:04","guid":{"rendered":"http:\/\/diarioregionaljf.com.br\/2018\/01\/03\/deputada-cristiane-brasil-sera-a-nova-ministra-do-trabalho\/"},"modified":"2018-01-03T19:00:04","modified_gmt":"2018-01-03T21:00:04","slug":"deputada-cristiane-brasil-sera-a-nova-ministra-do-trabalho","status":"publish","type":"post","link":"https:\/\/diarioregionaldigital.com.br\/?p=88619","title":{"rendered":"Deputada Cristiane Brasil ser\u00e1 a nova ministra do Trabalho"},"content":{"rendered":"<p>O presidente nacional do PTB, Roberto Jefferson, informou que a sua filha e deputada federal Cristiane Brasil (PTB-RJ) vai assumir o minist\u00e9rio do Trabalho. Ele se reuniu hoje, 3, com o presidente Michel Temer no Pal\u00e1cio do Jaburu e disse que o nome de Cristiane Brasil &#8220;surgiu&#8221; durante a conversa e n\u00e3o foi uma indica\u00e7\u00e3o dele pr\u00f3prio.<\/p>\n<p>A nomea\u00e7\u00e3o foi confirmada pelo Pal\u00e1cio do Planalto. Segundo nota \u00e0 imprensa, a defini\u00e7\u00e3o de Temer ocorreu ap\u00f3s &#8220;indica\u00e7\u00e3o oficial feita pelo PTB&#8221;.<\/p>\n<p>&#8220;Eu vim discutir outros nomes, est\u00e1vamos pensando em tr\u00eas [outros deputados]. A\u00ed roda pra c\u00e1, roda pra l\u00e1. Ent\u00e3o se falou: &#8216;Roberto, e a Cristiane? Por que n\u00e3o?&#8217; A\u00ed foi da cabe\u00e7a do presidente: &#8216;Ela \u00e9 uma menina experimentada, foi secret\u00e1ria municipal em v\u00e1rios governos na cidade do Rio de Janeiro&#8217;. Eu falei: &#8216;presidente, a\u00ed o senhor me surpreende, vou ter que consultar&#8221;, afirmou Roberto Jefferson.<\/p>\n<p>Segundo ele, ap\u00f3s a consulta e a aceita\u00e7\u00e3o, Cristiane Brasil concordou em n\u00e3o disputar as elei\u00e7\u00f5es deste ano. &#8220;Ela ficar\u00e1 ministra at\u00e9 o final [do governo de Temer]&#8221;, afirmou. Roberto Jefferson disse ainda que o l\u00edder do partido na C\u00e2mara, deputado Jovair Arantes (PTB-GO), tamb\u00e9m concordou com a nomea\u00e7\u00e3o e disse que ela tem a &#8220;confian\u00e7a&#8221; da bancada.<\/p>\n<p>Durante entrevista a jornalistas em que anunciou o nome da filha para o cargo, Roberto Jefferson, que foi protagonista e o primeiro delator do mensal\u00e3o h\u00e1 pouco mais de dez anos, se disse emocionado. &#8220;\u00c9 um resgate da imagem, da fam\u00edlia. Depois do que aconteceu, mas j\u00e1 passou. Fico satisfeito&#8221;, afirmou, com a voz embargada.<\/p>\n<p>Ronaldo Nogueira deixou o minist\u00e9rio no \u00faltimo dia 27 para se candidatar a um cargo eletivo no pleito deste ano. Para concorrer a cargos eletivos a n\u00edvel nacional, ministros de Estado precisam se afastar do cargo com seis meses de anteced\u00eancia. Ap\u00f3s o convite ao deputado Pedro Fernandes (PTB-MA) n\u00e3o ter sido confirmado devido a resist\u00eancias do PMDB do Maranh\u00e3o, Roberto Jefferson disse que o &#8220;imbr\u00f3glio acabou&#8221;. &#8220;N\u00e3o h\u00e1 conflito no PTB, h\u00e1 uma rela\u00e7\u00e3o muito boa entre mim, os l\u00edderes no Senado e na C\u00e2mara. A bancada \u00e9 unida&#8221;, disse.<\/p>\n<p>&nbsp;<\/p>\n<p>Fonte: Ag\u00eancia Brasil<\/p>\n","protected":false},"excerpt":{"rendered":"<p>O presidente nacional do PTB, Roberto Jefferson, informou que a sua filha e deputada federal Cristiane Brasil (PTB-RJ) vai assumir o minist\u00e9rio do Trabalho. Ele se reuniu hoje, 3, com o presidente Michel Temer no Pal\u00e1cio do Jaburu e disse que o nome de Cristiane Brasil &#8220;surgiu&#8221; durante a conversa e n\u00e3o foi uma indica\u00e7\u00e3o [&hellip;]<\/p>\n","protected":false},"author":96,"featured_media":88618,"comment_status":"closed","ping_status":"closed","sticky":false,"template":"","format":"standard","meta":{"footnotes":""},"categories":[254],"tags":[],"class_list":["post-88619","post","type-post","status-publish","format-standard","has-post-thumbnail","hentry","category-politica"],"_links":{"self":[{"href":"https:\/\/diarioregionaldigital.com.br\/index.php?rest_route=\/wp\/v2\/posts\/88619","targetHints":{"allow":["GET"]}}],"collection":[{"href":"https:\/\/diarioregionaldigital.com.br\/index.php?rest_route=\/wp\/v2\/posts"}],"about":[{"href":"https:\/\/diarioregionaldigital.com.br\/index.php?rest_route=\/wp\/v2\/types\/post"}],"author":[{"embeddable":true,"href":"https:\/\/diarioregionaldigital.com.br\/index.php?rest_route=\/wp\/v2\/users\/96"}],"replies":[{"embeddable":true,"href":"https:\/\/diarioregionaldigital.com.br\/index.php?rest_route=%2Fwp%2Fv2%2Fcomments&post=88619"}],"version-history":[{"count":0,"href":"https:\/\/diarioregionaldigital.com.br\/index.php?rest_route=\/wp\/v2\/posts\/88619\/revisions"}],"wp:featuredmedia":[{"embeddable":true,"href":"https:\/\/diarioregionaldigital.com.br\/index.php?rest_route=\/wp\/v2\/media\/88618"}],"wp:attachment":[{"href":"https:\/\/diarioregionaldigital.com.br\/index.php?rest_route=%2Fwp%2Fv2%2Fmedia&parent=88619"}],"wp:term":[{"taxonomy":"category","embeddable":true,"href":"https:\/\/diarioregionaldigital.com.br\/index.php?rest_route=%2Fwp%2Fv2%2Fcategories&post=88619"},{"taxonomy":"post_tag","embeddable":true,"href":"https:\/\/diarioregionaldigital.com.br\/index.php?rest_route=%2Fwp%2Fv2%2Ftags&post=88619"}],"curies":[{"name":"wp","href":"https:\/\/api.w.org\/{rel}","templated":true}]}}