{"id":88617,"date":"2018-01-03T18:36:41","date_gmt":"2018-01-03T20:36:41","guid":{"rendered":"http:\/\/diarioregionaljf.com.br\/2018\/01\/03\/pesquisa-revela-aumento-no-preco-medio-do-leite-tipo-c\/"},"modified":"2018-01-03T18:36:41","modified_gmt":"2018-01-03T20:36:41","slug":"pesquisa-revela-aumento-no-preco-medio-do-leite-tipo-c","status":"publish","type":"post","link":"https:\/\/diarioregionaldigital.com.br\/?p=88617","title":{"rendered":"Pesquisa revela aumento no pre\u00e7o m\u00e9dio do leite tipo C"},"content":{"rendered":"<p>O primeiro levantamento realizado em 2018 apontou aumento de 1,37% no pre\u00e7o m\u00e9dio do leite tipo C em rela\u00e7\u00e3o ao que foi aferido na \u00faltima semana de 2017. O produto passou a custar R$3,007. Os dados foram apurados nesta quarta-feira, 3, pela Secretaria de Agropecu\u00e1ria e Abastecimento (SAA) da Prefeitura de Juiz de Fora (PJF). Os valores m\u00e1ximo e m\u00ednimo n\u00e3o tiveram altera\u00e7\u00f5es, permanecendo em R$3,80 e R$2,50. A varia\u00e7\u00e3o em rela\u00e7\u00e3o a igual per\u00edodo do ano passado foi de 2,23%.<\/p>\n<p>A pesquisa foi aferida pelo Departamento de Fomento Agropecu\u00e1rio, Promo\u00e7\u00e3o Rural e Informa\u00e7\u00e3o (Dfapri) da SAA em 53 estabelecimentos, localizados nas oito regi\u00f5es do munic\u00edpio, com objetivo de manter a popula\u00e7\u00e3o informada sobre as varia\u00e7\u00f5es de pre\u00e7o do produto. \u00c9 atrav\u00e9s do percentual do valor m\u00e9dio de comercializa\u00e7\u00e3o que os latic\u00ednios estabelecem o pre\u00e7o do leite in natura com produtores da cidade e regi\u00e3o.<\/p>\n<p>Confira os dados da pesquisa, na \u00edntegra, no <a href=\"https:\/\/www.pjf.mg.gov.br\/secretarias\/saa\/pesquisas\/leite\/index.php\" target=\"_blank\" rel=\"noopener noreferrer\">link<\/a>.<\/p>\n<p>&nbsp;<\/p>\n<p>Fonte: Assessoria<\/p>\n","protected":false},"excerpt":{"rendered":"<p>O primeiro levantamento realizado em 2018 apontou aumento de 1,37% no pre\u00e7o m\u00e9dio do leite tipo C em rela\u00e7\u00e3o ao que foi aferido na \u00faltima semana de 2017. O produto passou a custar R$3,007. Os dados foram apurados nesta quarta-feira, 3, pela Secretaria de Agropecu\u00e1ria e Abastecimento (SAA) da Prefeitura de Juiz de Fora (PJF). [&hellip;]<\/p>\n","protected":false},"author":96,"featured_media":88616,"comment_status":"closed","ping_status":"closed","sticky":false,"template":"","format":"standard","meta":{"footnotes":""},"categories":[261],"tags":[],"class_list":["post-88617","post","type-post","status-publish","format-standard","has-post-thumbnail","hentry","category-economia"],"_links":{"self":[{"href":"https:\/\/diarioregionaldigital.com.br\/index.php?rest_route=\/wp\/v2\/posts\/88617","targetHints":{"allow":["GET"]}}],"collection":[{"href":"https:\/\/diarioregionaldigital.com.br\/index.php?rest_route=\/wp\/v2\/posts"}],"about":[{"href":"https:\/\/diarioregionaldigital.com.br\/index.php?rest_route=\/wp\/v2\/types\/post"}],"author":[{"embeddable":true,"href":"https:\/\/diarioregionaldigital.com.br\/index.php?rest_route=\/wp\/v2\/users\/96"}],"replies":[{"embeddable":true,"href":"https:\/\/diarioregionaldigital.com.br\/index.php?rest_route=%2Fwp%2Fv2%2Fcomments&post=88617"}],"version-history":[{"count":0,"href":"https:\/\/diarioregionaldigital.com.br\/index.php?rest_route=\/wp\/v2\/posts\/88617\/revisions"}],"wp:featuredmedia":[{"embeddable":true,"href":"https:\/\/diarioregionaldigital.com.br\/index.php?rest_route=\/wp\/v2\/media\/88616"}],"wp:attachment":[{"href":"https:\/\/diarioregionaldigital.com.br\/index.php?rest_route=%2Fwp%2Fv2%2Fmedia&parent=88617"}],"wp:term":[{"taxonomy":"category","embeddable":true,"href":"https:\/\/diarioregionaldigital.com.br\/index.php?rest_route=%2Fwp%2Fv2%2Fcategories&post=88617"},{"taxonomy":"post_tag","embeddable":true,"href":"https:\/\/diarioregionaldigital.com.br\/index.php?rest_route=%2Fwp%2Fv2%2Ftags&post=88617"}],"curies":[{"name":"wp","href":"https:\/\/api.w.org\/{rel}","templated":true}]}}