{"id":88615,"date":"2018-01-03T18:23:31","date_gmt":"2018-01-03T20:23:31","guid":{"rendered":"http:\/\/diarioregionaljf.com.br\/2018\/01\/03\/carro-sai-da-pista-e-capota-de-volta-para-a-estrada-na-br-116\/"},"modified":"2018-01-03T18:23:31","modified_gmt":"2018-01-03T20:23:31","slug":"carro-sai-da-pista-e-capota-de-volta-para-a-estrada-na-br-116","status":"publish","type":"post","link":"https:\/\/diarioregionaldigital.com.br\/?p=88615","title":{"rendered":"Carro sai da pista e capota de volta para a estrada na BR-116"},"content":{"rendered":"<p>Um autom\u00f3vel que seguia sentido a um trevo na BR-116, em Muria\u00e9 (cerca de 158 Km de Juiz de Fora), capotou ap\u00f3s seu condutor perder o controle da dire\u00e7\u00e3o ao fazer a curva da entrada do bairro Gaspar, no fim da noite dessa ter\u00e7a-feira, 2. O ve\u00edculo cruzou a contram\u00e3o, saiu da pista, e percorreu a lateral do morro antes de &#8220;decolar&#8221;, capotando por cima da ponte existente pr\u00f3ximo ao trevo, e parou de teto no ch\u00e3o no meio da pista. Ao menos uma pessoa ficou ferida.<\/p>\n<p>De acordo com informa\u00e7\u00f5es da Pol\u00edcia Rodovi\u00e1ria Federal (PRF), um ocupante do carro foi lan\u00e7ado para fora durante o capotamento, caiu no c\u00f3rrego, e foi socorrido inicialmente por populares. Na sequ\u00eancia, ele foi atendido pelo Corpo de Bombeiros e SAMU, sendo levado para o Hospital S\u00e3o Paulo (HSP). De acordo com os bombeiros, a v\u00edtima sofreu contus\u00e3o de t\u00f3rax e nas regi\u00e3o inferior das costas (lombar).<\/p>\n<p>Conforme a PRF, o homem socorrido apresentava sintomas de embriaguez e alegou ser passageiro do carro, afirmando que o sedan era conduzido por um homem que ele n\u00e3o conhece. Segundo a corpora\u00e7\u00e3o, a v\u00edtima relatou que estava em uma festa no bairro Bela Vista e que por estar alcoolizada pediu a um desconhecido que dirigisse o carro.<\/p>\n<p>Ainda segundo informa\u00e7\u00f5es da PRF, testemunhas afirmaram ter visto o motorista do carro ser levado do local em um autom\u00f3vel, antes da chegada da pol\u00edcia e do socorro.<\/p>\n<p>Os ind\u00edcios do acidente apontam para uma din\u00e2mica totalmente incompat\u00edvel com o tra\u00e7ado da pista e caracter\u00edsticas do local em que o fato ocorreu, levantando a suspeita de que a pessoa que conduzia o sedan estaria embriagada.<\/p>\n<p>O ve\u00edculo foi removido por um guincho de uma empresa especializada.<\/p>\n<p>&nbsp;<\/p>\n<p>Da reda\u00e7\u00e3o\/R\u00e1dio Muria\u00e9<\/p>\n","protected":false},"excerpt":{"rendered":"<p>Um autom\u00f3vel que seguia sentido a um trevo na BR-116, em Muria\u00e9 (cerca de 158 Km de Juiz de Fora), capotou ap\u00f3s seu condutor perder o controle da dire\u00e7\u00e3o ao fazer a curva da entrada do bairro Gaspar, no fim da noite dessa ter\u00e7a-feira, 2. O ve\u00edculo cruzou a contram\u00e3o, saiu da pista, e percorreu [&hellip;]<\/p>\n","protected":false},"author":96,"featured_media":88614,"comment_status":"closed","ping_status":"closed","sticky":false,"template":"","format":"standard","meta":{"footnotes":""},"categories":[252],"tags":[],"class_list":["post-88615","post","type-post","status-publish","format-standard","has-post-thumbnail","hentry","category-regiao"],"_links":{"self":[{"href":"https:\/\/diarioregionaldigital.com.br\/index.php?rest_route=\/wp\/v2\/posts\/88615","targetHints":{"allow":["GET"]}}],"collection":[{"href":"https:\/\/diarioregionaldigital.com.br\/index.php?rest_route=\/wp\/v2\/posts"}],"about":[{"href":"https:\/\/diarioregionaldigital.com.br\/index.php?rest_route=\/wp\/v2\/types\/post"}],"author":[{"embeddable":true,"href":"https:\/\/diarioregionaldigital.com.br\/index.php?rest_route=\/wp\/v2\/users\/96"}],"replies":[{"embeddable":true,"href":"https:\/\/diarioregionaldigital.com.br\/index.php?rest_route=%2Fwp%2Fv2%2Fcomments&post=88615"}],"version-history":[{"count":0,"href":"https:\/\/diarioregionaldigital.com.br\/index.php?rest_route=\/wp\/v2\/posts\/88615\/revisions"}],"wp:featuredmedia":[{"embeddable":true,"href":"https:\/\/diarioregionaldigital.com.br\/index.php?rest_route=\/wp\/v2\/media\/88614"}],"wp:attachment":[{"href":"https:\/\/diarioregionaldigital.com.br\/index.php?rest_route=%2Fwp%2Fv2%2Fmedia&parent=88615"}],"wp:term":[{"taxonomy":"category","embeddable":true,"href":"https:\/\/diarioregionaldigital.com.br\/index.php?rest_route=%2Fwp%2Fv2%2Fcategories&post=88615"},{"taxonomy":"post_tag","embeddable":true,"href":"https:\/\/diarioregionaldigital.com.br\/index.php?rest_route=%2Fwp%2Fv2%2Ftags&post=88615"}],"curies":[{"name":"wp","href":"https:\/\/api.w.org\/{rel}","templated":true}]}}