{"id":88613,"date":"2018-01-03T18:14:26","date_gmt":"2018-01-03T20:14:26","guid":{"rendered":"http:\/\/diarioregionaljf.com.br\/2018\/01\/03\/vereadora-sheila-oliveira-renuncia-ao-cargo-de-primeira-secretaria-da-mesa-diretora\/"},"modified":"2018-01-03T18:14:26","modified_gmt":"2018-01-03T20:14:26","slug":"vereadora-sheila-oliveira-renuncia-ao-cargo-de-primeira-secretaria-da-mesa-diretora","status":"publish","type":"post","link":"https:\/\/diarioregionaldigital.com.br\/?p=88613","title":{"rendered":"Vereadora Sheila Oliveira renuncia ao cargo de primeira secret\u00e1ria da Mesa Diretora"},"content":{"rendered":"<p>\u201cO \u00fanico motivo da minha ren\u00fancia \u00e9 o fato de que quero fazer parte de comiss\u00f5es permanentes da Casa e realizar projetos\u201d, argumentou a vereadora Sheila Oliveira (PTC) no ato de ren\u00fancia \u00e0 primeira secretaria da Mesa Diretora da C\u00e2mara. A manifesta\u00e7\u00e3o ocorreu durante a primeira reuni\u00e3o ordin\u00e1ria de 2018 realizada na noite dessa ter\u00e7a-feira, 2.<\/p>\n<p>O regimento interno da C\u00e2mara n\u00e3o permite que os membros da Mesa Diretora fa\u00e7am parte das comiss\u00f5es permanentes, j\u00e1 que a pr\u00f3pria Mesa Diretora autoriza as despesas das comiss\u00f5es, o que pode configurar conflito de interesse.<\/p>\n<p>O cargo ser\u00e1 ocupado de forma interina pelo vereador Pardal (PTC), anteriormente segundo secret\u00e1rio da Mesa.<\/p>\n<p>A escolha dos novos membros das 15 comiss\u00f5es permanentes, al\u00e9m das provis\u00f3rias acontece nesta quarta-feira, 3.<\/p>\n<p>Fonte: Assessoria<\/p>\n","protected":false},"excerpt":{"rendered":"<p>\u201cO \u00fanico motivo da minha ren\u00fancia \u00e9 o fato de que quero fazer parte de comiss\u00f5es permanentes da Casa e realizar projetos\u201d, argumentou a vereadora Sheila Oliveira (PTC) no ato de ren\u00fancia \u00e0 primeira secretaria da Mesa Diretora da C\u00e2mara. A manifesta\u00e7\u00e3o ocorreu durante a primeira reuni\u00e3o ordin\u00e1ria de 2018 realizada na noite dessa ter\u00e7a-feira, [&hellip;]<\/p>\n","protected":false},"author":96,"featured_media":88612,"comment_status":"closed","ping_status":"closed","sticky":false,"template":"","format":"standard","meta":{"footnotes":""},"categories":[254],"tags":[],"class_list":["post-88613","post","type-post","status-publish","format-standard","has-post-thumbnail","hentry","category-politica"],"_links":{"self":[{"href":"https:\/\/diarioregionaldigital.com.br\/index.php?rest_route=\/wp\/v2\/posts\/88613","targetHints":{"allow":["GET"]}}],"collection":[{"href":"https:\/\/diarioregionaldigital.com.br\/index.php?rest_route=\/wp\/v2\/posts"}],"about":[{"href":"https:\/\/diarioregionaldigital.com.br\/index.php?rest_route=\/wp\/v2\/types\/post"}],"author":[{"embeddable":true,"href":"https:\/\/diarioregionaldigital.com.br\/index.php?rest_route=\/wp\/v2\/users\/96"}],"replies":[{"embeddable":true,"href":"https:\/\/diarioregionaldigital.com.br\/index.php?rest_route=%2Fwp%2Fv2%2Fcomments&post=88613"}],"version-history":[{"count":0,"href":"https:\/\/diarioregionaldigital.com.br\/index.php?rest_route=\/wp\/v2\/posts\/88613\/revisions"}],"wp:featuredmedia":[{"embeddable":true,"href":"https:\/\/diarioregionaldigital.com.br\/index.php?rest_route=\/wp\/v2\/media\/88612"}],"wp:attachment":[{"href":"https:\/\/diarioregionaldigital.com.br\/index.php?rest_route=%2Fwp%2Fv2%2Fmedia&parent=88613"}],"wp:term":[{"taxonomy":"category","embeddable":true,"href":"https:\/\/diarioregionaldigital.com.br\/index.php?rest_route=%2Fwp%2Fv2%2Fcategories&post=88613"},{"taxonomy":"post_tag","embeddable":true,"href":"https:\/\/diarioregionaldigital.com.br\/index.php?rest_route=%2Fwp%2Fv2%2Ftags&post=88613"}],"curies":[{"name":"wp","href":"https:\/\/api.w.org\/{rel}","templated":true}]}}