{"id":88611,"date":"2018-01-03T18:07:28","date_gmt":"2018-01-03T20:07:28","guid":{"rendered":"http:\/\/diarioregionaljf.com.br\/2018\/01\/03\/pm-apreende-pistola-proximo-a-cemiterio-em-patrocinio-do-muriae\/"},"modified":"2018-01-03T18:07:28","modified_gmt":"2018-01-03T20:07:28","slug":"pm-apreende-pistola-proximo-a-cemiterio-em-patrocinio-do-muriae","status":"publish","type":"post","link":"https:\/\/diarioregionaldigital.com.br\/?p=88611","title":{"rendered":"PM apreende pistola pr\u00f3ximo \u00e0 cemit\u00e9rio em Patroc\u00ednio do Muria\u00e9"},"content":{"rendered":"<p>Policiais militares da cidade de Patroc\u00ednio do Muria\u00e9 (a 185Km de Juiz de Fora) apreenderam uma pistola calibre 635, na noite dessa ter\u00e7a-feira, 2. Dois suspeitos fugiram e a arma foi entregue \u00e0 Pol\u00edcia Civil (PC) no plant\u00e3o da Delegacia Regional, em Muria\u00e9 (a cerca de 158Km de JF).<\/p>\n<p>Segundo informa\u00e7\u00f5es da PM, a apreens\u00e3o se deu em verifica\u00e7\u00e3o a uma den\u00fancia an\u00f4nima sobre dois homens em atitude suspeita pr\u00f3ximo ao chamado \u201ccruzeiro\u201d, nas imedia\u00e7\u00f5es do cemit\u00e9rio da cidade. Ao se aproximar do local, a equipe avistou os suspeitos, que correram ao perceber a chegada da viatura e entraram em uma mata, deixando uma sacola para tr\u00e1s. A arma estava dentro da mesma.<\/p>\n<p>Apesar das buscas na mata, a dupla n\u00e3o foi localizada.<\/p>\n<p>&nbsp;<\/p>\n<p>Da reda\u00e7\u00e3o\/R\u00e1dio Muria\u00e9<\/p>\n","protected":false},"excerpt":{"rendered":"<p>Policiais militares da cidade de Patroc\u00ednio do Muria\u00e9 (a 185Km de Juiz de Fora) apreenderam uma pistola calibre 635, na noite dessa ter\u00e7a-feira, 2. Dois suspeitos fugiram e a arma foi entregue \u00e0 Pol\u00edcia Civil (PC) no plant\u00e3o da Delegacia Regional, em Muria\u00e9 (a cerca de 158Km de JF). Segundo informa\u00e7\u00f5es da PM, a apreens\u00e3o [&hellip;]<\/p>\n","protected":false},"author":96,"featured_media":88610,"comment_status":"closed","ping_status":"closed","sticky":false,"template":"","format":"standard","meta":{"footnotes":""},"categories":[252],"tags":[],"class_list":["post-88611","post","type-post","status-publish","format-standard","has-post-thumbnail","hentry","category-regiao"],"_links":{"self":[{"href":"https:\/\/diarioregionaldigital.com.br\/index.php?rest_route=\/wp\/v2\/posts\/88611","targetHints":{"allow":["GET"]}}],"collection":[{"href":"https:\/\/diarioregionaldigital.com.br\/index.php?rest_route=\/wp\/v2\/posts"}],"about":[{"href":"https:\/\/diarioregionaldigital.com.br\/index.php?rest_route=\/wp\/v2\/types\/post"}],"author":[{"embeddable":true,"href":"https:\/\/diarioregionaldigital.com.br\/index.php?rest_route=\/wp\/v2\/users\/96"}],"replies":[{"embeddable":true,"href":"https:\/\/diarioregionaldigital.com.br\/index.php?rest_route=%2Fwp%2Fv2%2Fcomments&post=88611"}],"version-history":[{"count":0,"href":"https:\/\/diarioregionaldigital.com.br\/index.php?rest_route=\/wp\/v2\/posts\/88611\/revisions"}],"wp:featuredmedia":[{"embeddable":true,"href":"https:\/\/diarioregionaldigital.com.br\/index.php?rest_route=\/wp\/v2\/media\/88610"}],"wp:attachment":[{"href":"https:\/\/diarioregionaldigital.com.br\/index.php?rest_route=%2Fwp%2Fv2%2Fmedia&parent=88611"}],"wp:term":[{"taxonomy":"category","embeddable":true,"href":"https:\/\/diarioregionaldigital.com.br\/index.php?rest_route=%2Fwp%2Fv2%2Fcategories&post=88611"},{"taxonomy":"post_tag","embeddable":true,"href":"https:\/\/diarioregionaldigital.com.br\/index.php?rest_route=%2Fwp%2Fv2%2Ftags&post=88611"}],"curies":[{"name":"wp","href":"https:\/\/api.w.org\/{rel}","templated":true}]}}