{"id":88609,"date":"2018-01-03T17:48:09","date_gmt":"2018-01-03T19:48:09","guid":{"rendered":"http:\/\/diarioregionaljf.com.br\/2018\/01\/03\/demlurb-firma-nova-parceria-com-associacao-de-catadores\/"},"modified":"2018-01-03T17:48:09","modified_gmt":"2018-01-03T19:48:09","slug":"demlurb-firma-nova-parceria-com-associacao-de-catadores","status":"publish","type":"post","link":"https:\/\/diarioregionaldigital.com.br\/?p=88609","title":{"rendered":"Demlurb firma nova parceria com associa\u00e7\u00e3o de catadores"},"content":{"rendered":"<p>Oferecer dispositivos para o desenvolvimento da reciclagem em Juiz de Fora: esta \u00e9 a meta do trabalho de conscientiza\u00e7\u00e3o ambiental realizado pelo Departamento Municipal de Limpeza Urbana (Demlurb). Na tarde de ter\u00e7a-feira, 2, mais um passo foi conclu\u00eddo para a amplia\u00e7\u00e3o da coleta seletiva na cidade, com a cess\u00e3o de um caminh\u00e3o \u00e0 Associa\u00e7\u00e3o Lixo Certo (Alicer).<\/p>\n<p>O departamento realiza, constantemente, trabalho de fortalecimento das associa\u00e7\u00f5es de catadores do munic\u00edpio. A ideia \u00e9 garantir, num futuro, autonomia para estes trabalhadores. Por isso, o Demlurb aposta em parcerias com institui\u00e7\u00f5es ligadas ao setor. \u201cQuero, com a cess\u00e3o deste caminh\u00e3o, que a Alicer fa\u00e7a sua pr\u00f3pria rota de recolhimento e garanta qualidade no servi\u00e7o realizado. Vamos investir direto nas associa\u00e7\u00f5es, e isso gerar\u00e1 mais retorno para eles\u201d, explicou o diretor-geral do Demlurb, Jefferson Rodrigues.<\/p>\n<p>Ele afirmou tamb\u00e9m que o departamento auxilia no trabalho de divulga\u00e7\u00e3o e conscientiza\u00e7\u00e3o da comunidade, bem como no processo de comercializa\u00e7\u00e3o do material recicl\u00e1vel, iniciando contatos com empresas do ramo.<\/p>\n<h4>&nbsp;<\/h4>\n<h4>ALICER<\/h4>\n<p>O presidente da Alicer, Jos\u00e9 Rubens, contou que a associa\u00e7\u00e3o recolhe, por m\u00eas, cerca de seis toneladas de material recicl\u00e1vel, atrav\u00e9s de quatro pontos de recolhimento: \u201cAntes, t\u00ednhamos que limitar, mas agora, com o novo caminh\u00e3o, vamos poder aumentar nossas rotas. O armazenamento ser\u00e1 melhor e cabe mais material\u201d.<\/p>\n<p>Atualmente, a Alicer garante trabalho para sete funcion\u00e1rios. A inten\u00e7\u00e3o \u00e9 aumentar o volume de material recolhido e, consequentemente, o n\u00famero de colaboradores. \u201cAgrade\u00e7o essa parceria com o Demlurb. Tudo que foi prometido foi cumprido. Temos trabalho s\u00e9rio e n\u00e3o pedimos ajuda. Pedimos apoio para fazermos nosso trabalho\u201d, completou Rubens.<\/p>\n<p>&nbsp;<\/p>\n<h4>O CONTRATO<\/h4>\n<p>Comodato \u00e9 quando ocorre empr\u00e9stimo gratuito de um bem, como o caminh\u00e3o cedido \u00e0 Alicer. Neste caso, a associa\u00e7\u00e3o tem o compromisso de realizar manuten\u00e7\u00e3o e cuidados do ve\u00edculo, cedido por um ano. Este prazo poder\u00e1 ser prorrogado de acordo com o empenho dos servi\u00e7os prestados a comunidade.<\/p>\n<p>&nbsp;<\/p>\n<p>Fonte: Assessoria<\/p>\n","protected":false},"excerpt":{"rendered":"<p>Oferecer dispositivos para o desenvolvimento da reciclagem em Juiz de Fora: esta \u00e9 a meta do trabalho de conscientiza\u00e7\u00e3o ambiental realizado pelo Departamento Municipal de Limpeza Urbana (Demlurb). Na tarde de ter\u00e7a-feira, 2, mais um passo foi conclu\u00eddo para a amplia\u00e7\u00e3o da coleta seletiva na cidade, com a cess\u00e3o de um caminh\u00e3o \u00e0 Associa\u00e7\u00e3o Lixo [&hellip;]<\/p>\n","protected":false},"author":96,"featured_media":88608,"comment_status":"closed","ping_status":"closed","sticky":false,"template":"","format":"standard","meta":{"footnotes":""},"categories":[253],"tags":[],"class_list":["post-88609","post","type-post","status-publish","format-standard","has-post-thumbnail","hentry","category-cidade"],"_links":{"self":[{"href":"https:\/\/diarioregionaldigital.com.br\/index.php?rest_route=\/wp\/v2\/posts\/88609","targetHints":{"allow":["GET"]}}],"collection":[{"href":"https:\/\/diarioregionaldigital.com.br\/index.php?rest_route=\/wp\/v2\/posts"}],"about":[{"href":"https:\/\/diarioregionaldigital.com.br\/index.php?rest_route=\/wp\/v2\/types\/post"}],"author":[{"embeddable":true,"href":"https:\/\/diarioregionaldigital.com.br\/index.php?rest_route=\/wp\/v2\/users\/96"}],"replies":[{"embeddable":true,"href":"https:\/\/diarioregionaldigital.com.br\/index.php?rest_route=%2Fwp%2Fv2%2Fcomments&post=88609"}],"version-history":[{"count":0,"href":"https:\/\/diarioregionaldigital.com.br\/index.php?rest_route=\/wp\/v2\/posts\/88609\/revisions"}],"wp:featuredmedia":[{"embeddable":true,"href":"https:\/\/diarioregionaldigital.com.br\/index.php?rest_route=\/wp\/v2\/media\/88608"}],"wp:attachment":[{"href":"https:\/\/diarioregionaldigital.com.br\/index.php?rest_route=%2Fwp%2Fv2%2Fmedia&parent=88609"}],"wp:term":[{"taxonomy":"category","embeddable":true,"href":"https:\/\/diarioregionaldigital.com.br\/index.php?rest_route=%2Fwp%2Fv2%2Fcategories&post=88609"},{"taxonomy":"post_tag","embeddable":true,"href":"https:\/\/diarioregionaldigital.com.br\/index.php?rest_route=%2Fwp%2Fv2%2Ftags&post=88609"}],"curies":[{"name":"wp","href":"https:\/\/api.w.org\/{rel}","templated":true}]}}