{"id":88607,"date":"2018-01-03T17:33:00","date_gmt":"2018-01-03T19:33:00","guid":{"rendered":"http:\/\/diarioregionaljf.com.br\/2018\/01\/03\/prefeitura-de-cataguases-esta-com-processo-seletivo-aberto-para-a-secretaria-de-assistencia-social\/"},"modified":"2018-01-03T17:33:00","modified_gmt":"2018-01-03T19:33:00","slug":"prefeitura-de-cataguases-esta-com-processo-seletivo-aberto-para-a-secretaria-de-assistencia-social","status":"publish","type":"post","link":"https:\/\/diarioregionaldigital.com.br\/?p=88607","title":{"rendered":"Prefeitura de Cataguases est\u00e1 com processo seletivo aberto para a Secretaria de Assist\u00eancia Social"},"content":{"rendered":"<p>A Prefeitura de Cataguases est\u00e1 com inscri\u00e7\u00f5es abertas para o Processo Seletivo Simplificado da Secretaria de Assist\u00eancia Social (<a href=\"http:\/\/www.cataguases.mg.gov.br\/sites\/300\/325\/2017\/12\/Edital%20Assist%C3%AAncia%20UPAR.pdf\" target=\"_blank\" rel=\"noopener noreferrer\">Edital 001\/201<\/a>), destinado ao preenchimento de quatro vagas imediatas na fun\u00e7\u00e3o de &#8220;Orientador e educador social\u201d e forma\u00e7\u00e3o de cadastro reserva no cargo de \u201cAuxiliar de orientador e educador social\u201d (oito vagas).<\/p>\n<p>O sal\u00e1rio previsto para a fun\u00e7\u00e3o de &#8220;Orientador e educador social&#8221; \u00e9 de R$1.004,71 e a exig\u00eancia para a ocupa\u00e7\u00e3o do cargo \u00e9 que o candidato tenha conclu\u00eddo o ensino m\u00e9dio e esteja com pelo menos 25 anos de idade completos. Os interessados nas oportunidades para \u201cAuxiliar de orientador e educador social\u201d devem ter ensino fundamental completo e tamb\u00e9m a idade m\u00ednima de 25 anos. O sal\u00e1rio \u00e9 de R$937.<\/p>\n<p>Para os dois cargos, tamb\u00e9m \u00e9 oferecido 35% como gratifica\u00e7\u00e3o, devido \u00e0 carga hor\u00e1ria semanal, que \u00e9 de 12 por 36 horas.<\/p>\n<p>A inscri\u00e7\u00e3o \u00e9 gratuita e os interessados podem se inscrever at\u00e9 sexta-feira, 5, entre 8h e 16h, na Secretaria Municipal de Assist\u00eancia Social, no Centro Administrativo, na Rua Gama Cerqueira, n\u00ba 70, Centro. Para fazer o procedimento, o candidato dever\u00e1 apresentar a ficha de inscri\u00e7\u00e3o preenchida, fornecida pela Comiss\u00e3o especial do processo seletivo p\u00fablico; c\u00f3pia da Carteira de Identidade ou documento legalmente aceit\u00e1vel, contendo foto, filia\u00e7\u00e3o e assinatura; c\u00f3pia do t\u00edtulo de eleitor; comprovante de vota\u00e7\u00e3o da \u00faltima elei\u00e7\u00e3o; certid\u00f5es civil e criminal; curr\u00edculo profissional de acordo com o modelo apresentado no Anexo III do edital; c\u00f3pia de diploma e\/ou declara\u00e7\u00e3o de conclus\u00e3o de cursos que comprovem a habilita\u00e7\u00e3o exigida para a fun\u00e7\u00e3o, com apresenta\u00e7\u00e3o dos originais para confer\u00eancia; c\u00f3pia de comprovante dos t\u00edtulos declarados, atrav\u00e9s de certificados ou declara\u00e7\u00f5es com apresenta\u00e7\u00e3o dos originais no ato da inscri\u00e7\u00e3o; contagem de tempo de servi\u00e7o prestado na esfera federal, estadual, municipal ou na iniciativa privada, no cargo a que concorre, desde que exercido em entidade de Pol\u00edtica P\u00fablica de Assist\u00eancia Social, atrav\u00e9s de certid\u00e3o expedida pelo \u00d3rg\u00e3o no qual o servi\u00e7o foi prestado. O candidato deve estar atento \u00e0s exig\u00eancias previstas no edital.<\/p>\n<p>A listagem dos candidatos inscritos vai ser divulgada no dia 10 de janeiro e o resultado final ser\u00e1 anunciado no dia 6 de fevereiro. O prazo de validade do Processo Seletivo P\u00fablico Simplificado \u00e9 de at\u00e9 180 dias, a contar da data de sua homologa\u00e7\u00e3o, podendo ser prorrogado, uma vez, por igual per\u00edodo.<\/p>\n<p>Da reda\u00e7\u00e3o\/Assessoria<\/p>\n","protected":false},"excerpt":{"rendered":"<p>A Prefeitura de Cataguases est\u00e1 com inscri\u00e7\u00f5es abertas para o Processo Seletivo Simplificado da Secretaria de Assist\u00eancia Social (Edital 001\/201), destinado ao preenchimento de quatro vagas imediatas na fun\u00e7\u00e3o de &#8220;Orientador e educador social\u201d e forma\u00e7\u00e3o de cadastro reserva no cargo de \u201cAuxiliar de orientador e educador social\u201d (oito vagas). O sal\u00e1rio previsto para a [&hellip;]<\/p>\n","protected":false},"author":96,"featured_media":88606,"comment_status":"closed","ping_status":"closed","sticky":false,"template":"","format":"standard","meta":{"footnotes":""},"categories":[280],"tags":[],"class_list":["post-88607","post","type-post","status-publish","format-standard","has-post-thumbnail","hentry","category-concurso"],"_links":{"self":[{"href":"https:\/\/diarioregionaldigital.com.br\/index.php?rest_route=\/wp\/v2\/posts\/88607","targetHints":{"allow":["GET"]}}],"collection":[{"href":"https:\/\/diarioregionaldigital.com.br\/index.php?rest_route=\/wp\/v2\/posts"}],"about":[{"href":"https:\/\/diarioregionaldigital.com.br\/index.php?rest_route=\/wp\/v2\/types\/post"}],"author":[{"embeddable":true,"href":"https:\/\/diarioregionaldigital.com.br\/index.php?rest_route=\/wp\/v2\/users\/96"}],"replies":[{"embeddable":true,"href":"https:\/\/diarioregionaldigital.com.br\/index.php?rest_route=%2Fwp%2Fv2%2Fcomments&post=88607"}],"version-history":[{"count":0,"href":"https:\/\/diarioregionaldigital.com.br\/index.php?rest_route=\/wp\/v2\/posts\/88607\/revisions"}],"wp:featuredmedia":[{"embeddable":true,"href":"https:\/\/diarioregionaldigital.com.br\/index.php?rest_route=\/wp\/v2\/media\/88606"}],"wp:attachment":[{"href":"https:\/\/diarioregionaldigital.com.br\/index.php?rest_route=%2Fwp%2Fv2%2Fmedia&parent=88607"}],"wp:term":[{"taxonomy":"category","embeddable":true,"href":"https:\/\/diarioregionaldigital.com.br\/index.php?rest_route=%2Fwp%2Fv2%2Fcategories&post=88607"},{"taxonomy":"post_tag","embeddable":true,"href":"https:\/\/diarioregionaldigital.com.br\/index.php?rest_route=%2Fwp%2Fv2%2Ftags&post=88607"}],"curies":[{"name":"wp","href":"https:\/\/api.w.org\/{rel}","templated":true}]}}