{"id":88601,"date":"2018-01-03T16:24:36","date_gmt":"2018-01-03T18:24:36","guid":{"rendered":"http:\/\/diarioregionaljf.com.br\/2018\/01\/03\/jovem-e-ameacado-com-faca-durante-assalto-no-centro-da-cidade\/"},"modified":"2018-01-03T16:24:36","modified_gmt":"2018-01-03T18:24:36","slug":"jovem-e-ameacado-com-faca-durante-assalto-no-centro-da-cidade","status":"publish","type":"post","link":"https:\/\/diarioregionaldigital.com.br\/?p=88601","title":{"rendered":"Jovem \u00e9 amea\u00e7ado com faca durante assalto no centro da cidade"},"content":{"rendered":"<p>Jovem de 20 anos foi assaltado na noite desta ter\u00e7a-feira, 2, no cruzamento da Avenida Rio Branco com a Rua Santo Ant\u00f4nio, regi\u00e3o central.<\/p>\n<p>Segundo o registro de ocorr\u00eancia da Pol\u00edcia Militar (PM), o jovem passava pelo local quando foi abordado por um indiv\u00edduo armado com uma faca.<\/p>\n<p>O autor fez amea\u00e7as contra a v\u00edtima, que entregou seu celular e a quantia de R$30.<\/p>\n<p>A PM fez buscas pela \u00e1rea, mas o assaltante n\u00e3o foi localizado.<\/p>\n","protected":false},"excerpt":{"rendered":"<p>Jovem de 20 anos foi assaltado na noite desta ter\u00e7a-feira, 2, no cruzamento da Avenida Rio Branco com a Rua Santo Ant\u00f4nio, regi\u00e3o central. Segundo o registro de ocorr\u00eancia da Pol\u00edcia Militar (PM), o jovem passava pelo local quando foi abordado por um indiv\u00edduo armado com uma faca. O autor fez amea\u00e7as contra a v\u00edtima, [&hellip;]<\/p>\n","protected":false},"author":96,"featured_media":88600,"comment_status":"closed","ping_status":"closed","sticky":false,"template":"","format":"standard","meta":{"footnotes":""},"categories":[301],"tags":[],"class_list":["post-88601","post","type-post","status-publish","format-standard","has-post-thumbnail","hentry","category-artigos-policiais"],"_links":{"self":[{"href":"https:\/\/diarioregionaldigital.com.br\/index.php?rest_route=\/wp\/v2\/posts\/88601","targetHints":{"allow":["GET"]}}],"collection":[{"href":"https:\/\/diarioregionaldigital.com.br\/index.php?rest_route=\/wp\/v2\/posts"}],"about":[{"href":"https:\/\/diarioregionaldigital.com.br\/index.php?rest_route=\/wp\/v2\/types\/post"}],"author":[{"embeddable":true,"href":"https:\/\/diarioregionaldigital.com.br\/index.php?rest_route=\/wp\/v2\/users\/96"}],"replies":[{"embeddable":true,"href":"https:\/\/diarioregionaldigital.com.br\/index.php?rest_route=%2Fwp%2Fv2%2Fcomments&post=88601"}],"version-history":[{"count":0,"href":"https:\/\/diarioregionaldigital.com.br\/index.php?rest_route=\/wp\/v2\/posts\/88601\/revisions"}],"wp:featuredmedia":[{"embeddable":true,"href":"https:\/\/diarioregionaldigital.com.br\/index.php?rest_route=\/wp\/v2\/media\/88600"}],"wp:attachment":[{"href":"https:\/\/diarioregionaldigital.com.br\/index.php?rest_route=%2Fwp%2Fv2%2Fmedia&parent=88601"}],"wp:term":[{"taxonomy":"category","embeddable":true,"href":"https:\/\/diarioregionaldigital.com.br\/index.php?rest_route=%2Fwp%2Fv2%2Fcategories&post=88601"},{"taxonomy":"post_tag","embeddable":true,"href":"https:\/\/diarioregionaldigital.com.br\/index.php?rest_route=%2Fwp%2Fv2%2Ftags&post=88601"}],"curies":[{"name":"wp","href":"https:\/\/api.w.org\/{rel}","templated":true}]}}